{"id":8219,"date":"2019-01-11T11:02:11","date_gmt":"2019-01-11T10:02:11","guid":{"rendered":"http:\/\/ostrowska.tv\/?p=8219"},"modified":"2019-01-11T11:02:11","modified_gmt":"2019-01-11T10:02:11","slug":"ewakuacja-szkoly-w-ostrowie-czy-ktos-rozpylil-gaz","status":"publish","type":"post","link":"https:\/\/ostrowskatv.pl\/?p=8219","title":{"rendered":"Ewakuacja szko\u0142y w Ostrowie. Czy kto\u015b rozpyli\u0142 gaz?"},"content":{"rendered":"<p><strong>Stra\u017cacy kilka minut przed godzin\u0105 9.00 otrzymali zg\u0142oszenie o gryz\u0105cym dymie w Zespole Szk\u00f3\u0142 Budowlano-Energetycznych w Ostrowie Wielkopolskim przy ul. Wolno\u015bci. Stra\u017cacy po przyje\u017adzie na miejsce zdarzenia stwierdzili, \u017ce wszyscy uczniowie, to by\u0142o 201 uczni\u00f3w i 22 nauczycieli samodzielnie ewakuowali si\u0119 na miejscu zbi\u00f3rki i opu\u015bcili budynek.<\/strong><\/p>\n<p>Stra\u017cacy w aparatach ochrony dr\u00f3g oddechowych dokonali rozpoznania tego obiektu. Najbardziej ten gaz wyczuwalny by\u0142 w pierwszym momencie na poziomie pierwszego i drugiego pi\u0119tra. Stra\u017cacy przeszukali ca\u0142y budynek. Niestety nie uda\u0142o si\u0119 ustali\u0107 \u017ar\u00f3d\u0142a z kt\u00f3rego ten gaz si\u0119 wydobywa. Budynek zosta\u0142 ca\u0142kowicie przewietrzony. Wszyscy uczniowie wr\u00f3cili do klas. Okaza\u0142o si\u0119 jednak, \u017ce po oko\u0142o 20 minutach 5 os\u00f3b uczni\u00f3w zg\u0142osi\u0142o si\u0119 z pewnymi dolegliwo\u015bciami ze z\u0142ym samopoczuciem to by\u0142y duszno\u015bci, to by\u0142 kaszel, to by\u0142y b\u00f3le g\u0142owy. Nast\u0119pnie zacz\u0119\u0142y si\u0119 zg\u0142asza\u0107 nast\u0119pne osoby na chwil\u0119 obecn\u0105 tych os\u00f3b jest 14. Na miejsce zosta\u0142o w zwi\u0105zku z tym wezwany zesp\u00f3\u0142 ratownictwa medycznego. W tej chwili lekarz bada poszczeg\u00f3lnych uczni\u00f3w i ju\u017c indywidualnie. Na razie jeszcze nikt nie zosta\u0142 odes\u0142any do szpitala.<\/p>\n<p>Poprzedni taki incydent mia\u0142 miejsce w listopadzie 2016 r. W\u00f3wczas sprawca zosta\u0142 skazany na prace spo\u0142eczne w okresie 4 miesi\u0119cy po 20 godzin w miesi\u0105cu.<\/p>\n<div id='gallery-1' class='gallery galleryid-8219 gallery-columns-3 gallery-size-thumbnail'><figure class='gallery-item'>\n\t\t\t<div class='gallery-icon portrait'>\n\t\t\t\t<a href='https:\/\/ostrowskatv.pl\/?attachment_id=8224'><img loading=\"lazy\" decoding=\"async\" width=\"150\" height=\"150\" src=\"https:\/\/ostrowskatv.pl\/wp-content\/uploads\/2019\/01\/IMG_20190111_093642-150x150.jpg\" class=\"attachment-thumbnail size-thumbnail\" alt=\"\" \/><\/a>\n\t\t\t<\/div><\/figure><figure class='gallery-item'>\n\t\t\t<div class='gallery-icon landscape'>\n\t\t\t\t<a href='https:\/\/ostrowskatv.pl\/?attachment_id=8223'><img loading=\"lazy\" decoding=\"async\" width=\"150\" height=\"150\" src=\"https:\/\/ostrowskatv.pl\/wp-content\/uploads\/2019\/01\/IMG_20190111_093508-150x150.jpg\" class=\"attachment-thumbnail size-thumbnail\" alt=\"\" \/><\/a>\n\t\t\t<\/div><\/figure><figure class='gallery-item'>\n\t\t\t<div class='gallery-icon landscape'>\n\t\t\t\t<a href='https:\/\/ostrowskatv.pl\/?attachment_id=8222'><img loading=\"lazy\" decoding=\"async\" width=\"150\" height=\"150\" src=\"https:\/\/ostrowskatv.pl\/wp-content\/uploads\/2019\/01\/IMG_20190111_093713-150x150.jpg\" class=\"attachment-thumbnail size-thumbnail\" alt=\"\" \/><\/a>\n\t\t\t<\/div><\/figure><figure class='gallery-item'>\n\t\t\t<div class='gallery-icon landscape'>\n\t\t\t\t<a href='https:\/\/ostrowskatv.pl\/?attachment_id=8221'><img loading=\"lazy\" decoding=\"async\" width=\"150\" height=\"150\" src=\"https:\/\/ostrowskatv.pl\/wp-content\/uploads\/2019\/01\/IMG_20190111_093720-150x150.jpg\" class=\"attachment-thumbnail size-thumbnail\" alt=\"\" \/><\/a>\n\t\t\t<\/div><\/figure><figure class='gallery-item'>\n\t\t\t<div class='gallery-icon landscape'>\n\t\t\t\t<a href='https:\/\/ostrowskatv.pl\/?attachment_id=8220'><img loading=\"lazy\" decoding=\"async\" width=\"150\" height=\"150\" src=\"https:\/\/ostrowskatv.pl\/wp-content\/uploads\/2019\/01\/IMG_20190111_094015-150x150.jpg\" class=\"attachment-thumbnail size-thumbnail\" alt=\"\" \/><\/a>\n\t\t\t<\/div><\/figure>\n\t\t<\/div>\n\n","protected":false},"excerpt":{"rendered":"Stra\u017cacy kilka minut przed godzin\u0105 9.00 otrzymali zg\u0142oszenie o gryz\u0105cym dymie w Zespole Szk\u00f3\u0142 Budowlano-Energetycznych w Ostrowie Wielkopolskim przy ul. Wolno\u015bci. Stra\u017cacy po \n<a class=\"moretag\" href=\"https:\/\/ostrowskatv.pl\/?p=8219\"> [...]<\/a>","protected":false},"author":1,"featured_media":8220,"comment_status":"open","ping_status":"closed","sticky":false,"template":"","format":"standard","meta":{"footnotes":""},"categories":[1],"tags":[2],"class_list":["post-8219","post","type-post","status-publish","format-standard","has-post-thumbnail","hentry","category-news","tag-ostrow-wielkopolski"],"_links":{"self":[{"href":"https:\/\/ostrowskatv.pl\/index.php?rest_route=\/wp\/v2\/posts\/8219","targetHints":{"allow":["GET"]}}],"collection":[{"href":"https:\/\/ostrowskatv.pl\/index.php?rest_route=\/wp\/v2\/posts"}],"about":[{"href":"https:\/\/ostrowskatv.pl\/index.php?rest_route=\/wp\/v2\/types\/post"}],"author":[{"embeddable":true,"href":"https:\/\/ostrowskatv.pl\/index.php?rest_route=\/wp\/v2\/users\/1"}],"replies":[{"embeddable":true,"href":"https:\/\/ostrowskatv.pl\/index.php?rest_route=%2Fwp%2Fv2%2Fcomments&post=8219"}],"version-history":[{"count":0,"href":"https:\/\/ostrowskatv.pl\/index.php?rest_route=\/wp\/v2\/posts\/8219\/revisions"}],"wp:featuredmedia":[{"embeddable":true,"href":"https:\/\/ostrowskatv.pl\/index.php?rest_route=\/wp\/v2\/media\/8220"}],"wp:attachment":[{"href":"https:\/\/ostrowskatv.pl\/index.php?rest_route=%2Fwp%2Fv2%2Fmedia&parent=8219"}],"wp:term":[{"taxonomy":"category","embeddable":true,"href":"https:\/\/ostrowskatv.pl\/index.php?rest_route=%2Fwp%2Fv2%2Fcategories&post=8219"},{"taxonomy":"post_tag","embeddable":true,"href":"https:\/\/ostrowskatv.pl\/index.php?rest_route=%2Fwp%2Fv2%2Ftags&post=8219"}],"curies":[{"name":"wp","href":"https:\/\/api.w.org\/{rel}","templated":true}]}}