{"id":8208,"date":"2019-01-09T12:20:16","date_gmt":"2019-01-09T11:20:16","guid":{"rendered":"http:\/\/ostrowska.tv\/?p=8208"},"modified":"2019-01-09T12:23:50","modified_gmt":"2019-01-09T11:23:50","slug":"nieoznakowany-radiowoz-bral-udzial-w-kolizji-odjechal-na-lawecie","status":"publish","type":"post","link":"https:\/\/ostrowskatv.pl\/?p=8208","title":{"rendered":"Nieoznakowany radiow\u00f3z bra\u0142 udzia\u0142 w kolizji. Odjecha\u0142 na lawecie"},"content":{"rendered":"<p><strong>Kolejny nieoznakowany radiow\u00f3z, i jeszcze nie BMW, zosta\u0142 wyeliminowany z ruchu drogowego. Tym razem trafi\u0142o na pozostaj\u0105c\u0105 w s\u0142u\u017cbie od d\u0142ugiego czasu Ki\u0119. Do kolizji dosz\u0142o na ul. Gorzyckiej w Ostrowie Wlkp. Drugim autem uczestnicz\u0105cym w zdarzeniu, Citroenem Berlingo, kierowa\u0142 r\u00f3wnie\u017c m\u0119\u017cczyzna. Sprawc\u0119 ukarano mandatem karnym.\u00a0<\/strong><\/p>\n<p>Do kolizji dosz\u0142o podczas w\u0142\u0105czania si\u0119 do ruchu Citroena Berlingo, kt\u00f3ry wyje\u017cd\u017ca\u0142 z pobliskiej firmy. Nie ust\u0105pi\u0142 pierwsze\u0144stwa przejazdu nieoznakowanemu radiowozowi.<\/p>\n<p>Kia mia\u0142a rozbity przedni, lewy reflektor, a Citroen mia\u0142 tylko przetarty tylny, lewy naro\u017cnik. Uszkodzenie \u015bwiate\u0142 musia\u0142o zako\u0144czy\u0107 si\u0119 zatrzymaniem dowodu rejestracyjnego i odholowaniem pojazdu przez lawet\u0119. Obaj kieruj\u0105cy byli trze\u017awi.<\/p>\n<div id='gallery-1' class='gallery galleryid-8208 gallery-columns-3 gallery-size-thumbnail'><figure class='gallery-item'>\n\t\t\t<div class='gallery-icon landscape'>\n\t\t\t\t<a href='https:\/\/ostrowskatv.pl\/?attachment_id=8209'><img loading=\"lazy\" decoding=\"async\" width=\"150\" height=\"150\" src=\"https:\/\/ostrowskatv.pl\/wp-content\/uploads\/2019\/01\/IMG_20190109_104743_1-150x150.jpg\" class=\"attachment-thumbnail size-thumbnail\" alt=\"\" \/><\/a>\n\t\t\t<\/div><\/figure><figure class='gallery-item'>\n\t\t\t<div class='gallery-icon landscape'>\n\t\t\t\t<a href='https:\/\/ostrowskatv.pl\/?attachment_id=8210'><img loading=\"lazy\" decoding=\"async\" width=\"150\" height=\"150\" src=\"https:\/\/ostrowskatv.pl\/wp-content\/uploads\/2019\/01\/IMG_20190109_103631-150x150.jpg\" class=\"attachment-thumbnail size-thumbnail\" alt=\"\" \/><\/a>\n\t\t\t<\/div><\/figure><figure class='gallery-item'>\n\t\t\t<div class='gallery-icon landscape'>\n\t\t\t\t<a href='https:\/\/ostrowskatv.pl\/?attachment_id=8212'><img loading=\"lazy\" decoding=\"async\" width=\"150\" height=\"150\" src=\"https:\/\/ostrowskatv.pl\/wp-content\/uploads\/2019\/01\/IMG_20190109_103635-150x150.jpg\" class=\"attachment-thumbnail size-thumbnail\" alt=\"\" \/><\/a>\n\t\t\t<\/div><\/figure><figure class='gallery-item'>\n\t\t\t<div class='gallery-icon landscape'>\n\t\t\t\t<a href='https:\/\/ostrowskatv.pl\/?attachment_id=8213'><img loading=\"lazy\" decoding=\"async\" width=\"150\" height=\"150\" src=\"https:\/\/ostrowskatv.pl\/wp-content\/uploads\/2019\/01\/IMG_20190109_103710-150x150.jpg\" class=\"attachment-thumbnail size-thumbnail\" alt=\"\" \/><\/a>\n\t\t\t<\/div><\/figure><figure class='gallery-item'>\n\t\t\t<div class='gallery-icon landscape'>\n\t\t\t\t<a href='https:\/\/ostrowskatv.pl\/?attachment_id=8214'><img loading=\"lazy\" decoding=\"async\" width=\"150\" height=\"150\" src=\"https:\/\/ostrowskatv.pl\/wp-content\/uploads\/2019\/01\/IMG_20190109_103800-150x150.jpg\" class=\"attachment-thumbnail size-thumbnail\" alt=\"\" \/><\/a>\n\t\t\t<\/div><\/figure>\n\t\t<\/div>\n\n","protected":false},"excerpt":{"rendered":"Kolejny nieoznakowany radiow\u00f3z, i jeszcze nie BMW, zosta\u0142 wyeliminowany z ruchu drogowego. Tym razem trafi\u0142o na pozostaj\u0105c\u0105 w s\u0142u\u017cbie od d\u0142ugiego czasu Ki\u0119. \n<a class=\"moretag\" href=\"https:\/\/ostrowskatv.pl\/?p=8208\"> [...]<\/a>","protected":false},"author":1,"featured_media":8214,"comment_status":"open","ping_status":"closed","sticky":false,"template":"","format":"standard","meta":{"footnotes":""},"categories":[1],"tags":[2],"class_list":["post-8208","post","type-post","status-publish","format-standard","has-post-thumbnail","hentry","category-news","tag-ostrow-wielkopolski"],"_links":{"self":[{"href":"https:\/\/ostrowskatv.pl\/index.php?rest_route=\/wp\/v2\/posts\/8208","targetHints":{"allow":["GET"]}}],"collection":[{"href":"https:\/\/ostrowskatv.pl\/index.php?rest_route=\/wp\/v2\/posts"}],"about":[{"href":"https:\/\/ostrowskatv.pl\/index.php?rest_route=\/wp\/v2\/types\/post"}],"author":[{"embeddable":true,"href":"https:\/\/ostrowskatv.pl\/index.php?rest_route=\/wp\/v2\/users\/1"}],"replies":[{"embeddable":true,"href":"https:\/\/ostrowskatv.pl\/index.php?rest_route=%2Fwp%2Fv2%2Fcomments&post=8208"}],"version-history":[{"count":0,"href":"https:\/\/ostrowskatv.pl\/index.php?rest_route=\/wp\/v2\/posts\/8208\/revisions"}],"wp:featuredmedia":[{"embeddable":true,"href":"https:\/\/ostrowskatv.pl\/index.php?rest_route=\/wp\/v2\/media\/8214"}],"wp:attachment":[{"href":"https:\/\/ostrowskatv.pl\/index.php?rest_route=%2Fwp%2Fv2%2Fmedia&parent=8208"}],"wp:term":[{"taxonomy":"category","embeddable":true,"href":"https:\/\/ostrowskatv.pl\/index.php?rest_route=%2Fwp%2Fv2%2Fcategories&post=8208"},{"taxonomy":"post_tag","embeddable":true,"href":"https:\/\/ostrowskatv.pl\/index.php?rest_route=%2Fwp%2Fv2%2Ftags&post=8208"}],"curies":[{"name":"wp","href":"https:\/\/api.w.org\/{rel}","templated":true}]}}