{"id":8201,"date":"2019-01-09T12:03:16","date_gmt":"2019-01-09T11:03:16","guid":{"rendered":"http:\/\/ostrowska.tv\/?p=8201"},"modified":"2019-01-09T12:03:16","modified_gmt":"2019-01-09T11:03:16","slug":"tragedia-w-rodzinnym-domu-w-radlowie","status":"publish","type":"post","link":"https:\/\/ostrowskatv.pl\/?p=8201","title":{"rendered":"Tragedia w rodzinnym domu w Rad\u0142owie"},"content":{"rendered":"<p><strong>Trzy tragedie rozegra\u0142y si\u0119 na przestrzeni ostatnich 4 lat w jednym z dom\u00f3w rodzinnych w Rad\u0142owie. Dzisiaj odnaleziono w nim 27-letniego m\u0119\u017cczyzn\u0119, kt\u00f3ry na g\u0142owie mia\u0142 za\u0142o\u017cony worek, a do niego by\u0142 pod\u0142\u0105czony przew\u00f3d od butli gazowej. Niestety z uwagi na plamy opadowe, ewentualna reanimacja nie by\u0142a podejmowana. Na miejsce zadysponowano zast\u0119py rozpoznania chemicznego, poniewa\u017c istnia\u0142o teoretyczne zagro\u017cenie wybuchem. Na miejscu okaza\u0142o si\u0119, \u017ce st\u0119\u017cenie gazu w powietrzu jest bezpieczne.<\/strong><\/p>\n<p>W 2014 r. dosz\u0142o w tym miejscu do du\u017cego po\u017caru zabudowa\u0144 gospodarskich, w kt\u00f3rych znajdowa\u0142y si\u0119 m.in. zwierz\u0119ta. Wtedy zosta\u0142 poparzony ojciec 27-letniego m\u0119\u017cczyzny, kt\u00f3ry pr\u00f3bowa\u0142 ratowa\u0107 dobytek. Jaki\u015b czas p\u00f3\u017aniej w wyniku nieszcz\u0119\u015bliwego wypadku, ojciec 27-latka spad\u0142 z wysoko\u015bci przy budynku gospodarskim i zgin\u0105\u0142. Prawdopodobnie wk\u0142ada\u0142 drewniane bele.<\/p>\n<div id='gallery-1' class='gallery galleryid-8201 gallery-columns-3 gallery-size-thumbnail'><figure class='gallery-item'>\n\t\t\t<div class='gallery-icon landscape'>\n\t\t\t\t<a href='https:\/\/ostrowskatv.pl\/?attachment_id=8206'><img loading=\"lazy\" decoding=\"async\" width=\"150\" height=\"150\" src=\"https:\/\/ostrowskatv.pl\/wp-content\/uploads\/2019\/01\/IMG_20190109_111743-150x150.jpg\" class=\"attachment-thumbnail size-thumbnail\" alt=\"\" \/><\/a>\n\t\t\t<\/div><\/figure><figure class='gallery-item'>\n\t\t\t<div class='gallery-icon landscape'>\n\t\t\t\t<a href='https:\/\/ostrowskatv.pl\/?attachment_id=8205'><img loading=\"lazy\" decoding=\"async\" width=\"150\" height=\"150\" src=\"https:\/\/ostrowskatv.pl\/wp-content\/uploads\/2019\/01\/IMG_20190109_111620-150x150.jpg\" class=\"attachment-thumbnail size-thumbnail\" alt=\"\" \/><\/a>\n\t\t\t<\/div><\/figure><figure class='gallery-item'>\n\t\t\t<div class='gallery-icon landscape'>\n\t\t\t\t<a href='https:\/\/ostrowskatv.pl\/?attachment_id=8204'><img loading=\"lazy\" decoding=\"async\" width=\"150\" height=\"150\" src=\"https:\/\/ostrowskatv.pl\/wp-content\/uploads\/2019\/01\/IMG_20190109_112938-150x150.jpg\" class=\"attachment-thumbnail size-thumbnail\" alt=\"\" \/><\/a>\n\t\t\t<\/div><\/figure><figure class='gallery-item'>\n\t\t\t<div class='gallery-icon landscape'>\n\t\t\t\t<a href='https:\/\/ostrowskatv.pl\/?attachment_id=8203'><img loading=\"lazy\" decoding=\"async\" width=\"150\" height=\"150\" src=\"https:\/\/ostrowskatv.pl\/wp-content\/uploads\/2019\/01\/IMG_20190109_111604-150x150.jpg\" class=\"attachment-thumbnail size-thumbnail\" alt=\"\" \/><\/a>\n\t\t\t<\/div><\/figure><figure class='gallery-item'>\n\t\t\t<div class='gallery-icon landscape'>\n\t\t\t\t<a href='https:\/\/ostrowskatv.pl\/?attachment_id=8202'><img loading=\"lazy\" decoding=\"async\" width=\"150\" height=\"150\" src=\"https:\/\/ostrowskatv.pl\/wp-content\/uploads\/2019\/01\/IMG_20190109_112108-150x150.jpg\" class=\"attachment-thumbnail size-thumbnail\" alt=\"\" \/><\/a>\n\t\t\t<\/div><\/figure>\n\t\t<\/div>\n\n","protected":false},"excerpt":{"rendered":"Trzy tragedie rozegra\u0142y si\u0119 na przestrzeni ostatnich 4 lat w jednym z dom\u00f3w rodzinnych w Rad\u0142owie. Dzisiaj odnaleziono w nim 27-letniego m\u0119\u017cczyzn\u0119, kt\u00f3ry \n<a class=\"moretag\" href=\"https:\/\/ostrowskatv.pl\/?p=8201\"> [...]<\/a>","protected":false},"author":1,"featured_media":8206,"comment_status":"open","ping_status":"closed","sticky":false,"template":"","format":"standard","meta":{"footnotes":""},"categories":[1],"tags":[138],"class_list":["post-8201","post","type-post","status-publish","format-standard","has-post-thumbnail","hentry","category-news","tag-radlow"],"_links":{"self":[{"href":"https:\/\/ostrowskatv.pl\/index.php?rest_route=\/wp\/v2\/posts\/8201","targetHints":{"allow":["GET"]}}],"collection":[{"href":"https:\/\/ostrowskatv.pl\/index.php?rest_route=\/wp\/v2\/posts"}],"about":[{"href":"https:\/\/ostrowskatv.pl\/index.php?rest_route=\/wp\/v2\/types\/post"}],"author":[{"embeddable":true,"href":"https:\/\/ostrowskatv.pl\/index.php?rest_route=\/wp\/v2\/users\/1"}],"replies":[{"embeddable":true,"href":"https:\/\/ostrowskatv.pl\/index.php?rest_route=%2Fwp%2Fv2%2Fcomments&post=8201"}],"version-history":[{"count":0,"href":"https:\/\/ostrowskatv.pl\/index.php?rest_route=\/wp\/v2\/posts\/8201\/revisions"}],"wp:featuredmedia":[{"embeddable":true,"href":"https:\/\/ostrowskatv.pl\/index.php?rest_route=\/wp\/v2\/media\/8206"}],"wp:attachment":[{"href":"https:\/\/ostrowskatv.pl\/index.php?rest_route=%2Fwp%2Fv2%2Fmedia&parent=8201"}],"wp:term":[{"taxonomy":"category","embeddable":true,"href":"https:\/\/ostrowskatv.pl\/index.php?rest_route=%2Fwp%2Fv2%2Fcategories&post=8201"},{"taxonomy":"post_tag","embeddable":true,"href":"https:\/\/ostrowskatv.pl\/index.php?rest_route=%2Fwp%2Fv2%2Ftags&post=8201"}],"curies":[{"name":"wp","href":"https:\/\/api.w.org\/{rel}","templated":true}]}}