{"id":82,"date":"2015-12-29T16:43:29","date_gmt":"2015-12-29T15:43:29","guid":{"rendered":"http:\/\/ostrowska.tv\/?p=82"},"modified":"2015-12-29T16:43:29","modified_gmt":"2015-12-29T15:43:29","slug":"prezesi-przeciwni-licencji-dla-ostrovii","status":"publish","type":"post","link":"https:\/\/ostrowskatv.pl\/?p=82","title":{"rendered":"Prezesi przeciwni licencji dla Ostrovii!"},"content":{"rendered":"<p><strong>Podczas spotkania prezes\u00f3w ni\u017cszych klas rozgrywkowych poruszony zosta\u0142 mi\u0119dzy innymi temat \u017bKS Ostrovii. Klub za spraw\u0105 by\u0142ego prezesa Miros\u0142awa Wodniczaka zamierza stara\u0107 si\u0119 o licencj\u0119.<\/strong><\/p>\n<p>\u017bKS Ostrovia nie jest zreszt\u0105 jedynym o\u015brodkiem, kt\u00f3ry nie ma obecnie licencji. Przez proces licencyjny w terminie nie przebrn\u0119\u0142y kluby z Gniezna i Lublina. Oba wci\u0105\u017c walcz\u0105 o to, \u017ceby dopu\u015bci\u0107 je do rozgrywek. Przypomnijmy, \u017ce w sezonie 2016 pierwsza i druga liga zostan\u0105 najprawdopodobniej po\u0142\u0105czone. W rezultacie dojdzie do rywalizacji 11 zespo\u0142\u00f3w podzielonych na dwie grupy.<\/p>\n<p>Podczas wtorkowego spotkania prezesi zabrali g\u0142os w sprawie dopuszczenia do start\u00f3w trzech klub\u00f3w zmagaj\u0105cych si\u0119 z problemami finansowymi (w tym Ostrovii). Wszyscy byli przeciwni takiemu rozwi\u0105zaniu. Z drugiej jednak strony nikt nie potrafi\u0142 wykluczy\u0107, \u017ce w przypadku solidnych gwarancji finansowych dla kt\u00f3rego\u015b z o\u015brodk\u00f3w nie zostanie zrobiony wyj\u0105tek. W rozmowie z portalem WP SportoweFakty wspomina\u0142 o tym mi\u0119dzy innymi prezes Or\u0142a \u0141\u00f3d\u017a Witold Skrzydlewski.<\/p>\n<p>Na ten moment ostrowian w lidze zatem nie ma. By\u0107 mo\u017ce jednak ci\u0119\u017cka praca i solidne gwarancje finansowe b\u0119d\u0105 w stanie sprawi\u0107, \u017ce Polski Zwi\u0105zek Motorowy i Komisja Licencyjna zmieni\u0105 zdanie. W tym przypadku klub musi liczy\u0107 na dobr\u0105 wol\u0119 rz\u0105dz\u0105cych polskim \u017cu\u017clem. Przysz\u0142o\u015b\u0107 czarnego sportu w naszym mie\u015bcie stoi zatem w dalszym ci\u0105gu pod du\u017cym znakiem zapytania.<\/p>\n","protected":false},"excerpt":{"rendered":"Podczas spotkania prezes\u00f3w ni\u017cszych klas rozgrywkowych poruszony zosta\u0142 mi\u0119dzy innymi temat \u017bKS Ostrovii. Klub za spraw\u0105 by\u0142ego prezesa Miros\u0142awa Wodniczaka zamierza stara\u0107 si\u0119 \n<a class=\"moretag\" href=\"https:\/\/ostrowskatv.pl\/?p=82\"> [...]<\/a>","protected":false},"author":1,"featured_media":83,"comment_status":"open","ping_status":"open","sticky":false,"template":"","format":"standard","meta":{"footnotes":""},"categories":[1],"tags":[8],"class_list":["post-82","post","type-post","status-publish","format-standard","has-post-thumbnail","hentry","category-news","tag-zuzel"],"_links":{"self":[{"href":"https:\/\/ostrowskatv.pl\/index.php?rest_route=\/wp\/v2\/posts\/82","targetHints":{"allow":["GET"]}}],"collection":[{"href":"https:\/\/ostrowskatv.pl\/index.php?rest_route=\/wp\/v2\/posts"}],"about":[{"href":"https:\/\/ostrowskatv.pl\/index.php?rest_route=\/wp\/v2\/types\/post"}],"author":[{"embeddable":true,"href":"https:\/\/ostrowskatv.pl\/index.php?rest_route=\/wp\/v2\/users\/1"}],"replies":[{"embeddable":true,"href":"https:\/\/ostrowskatv.pl\/index.php?rest_route=%2Fwp%2Fv2%2Fcomments&post=82"}],"version-history":[{"count":0,"href":"https:\/\/ostrowskatv.pl\/index.php?rest_route=\/wp\/v2\/posts\/82\/revisions"}],"wp:featuredmedia":[{"embeddable":true,"href":"https:\/\/ostrowskatv.pl\/index.php?rest_route=\/wp\/v2\/media\/83"}],"wp:attachment":[{"href":"https:\/\/ostrowskatv.pl\/index.php?rest_route=%2Fwp%2Fv2%2Fmedia&parent=82"}],"wp:term":[{"taxonomy":"category","embeddable":true,"href":"https:\/\/ostrowskatv.pl\/index.php?rest_route=%2Fwp%2Fv2%2Fcategories&post=82"},{"taxonomy":"post_tag","embeddable":true,"href":"https:\/\/ostrowskatv.pl\/index.php?rest_route=%2Fwp%2Fv2%2Ftags&post=82"}],"curies":[{"name":"wp","href":"https:\/\/api.w.org\/{rel}","templated":true}]}}