{"id":815,"date":"2016-04-14T13:07:58","date_gmt":"2016-04-14T12:07:58","guid":{"rendered":"http:\/\/ostrowska.tv\/?p=815"},"modified":"2016-04-14T13:30:36","modified_gmt":"2016-04-14T12:30:36","slug":"kiedy-starosta-rozliczy-dyrektora-ii-lo","status":"publish","type":"post","link":"https:\/\/ostrowskatv.pl\/?p=815","title":{"rendered":"Kiedy starosta rozliczy dyrektora II LO?"},"content":{"rendered":"<p><strong>II Liceum Og\u00f3lnokszta\u0142c\u0105ce w Ostrowie Wielkopolskim prze\u017cywa kryzys. W poprawie sytuacji na pewno nie pomog\u0142y ostatnie dzia\u0142ania dyrektora Karola Marsza\u0142a, kt\u00f3ry ubiega\u0142 si\u0119 o prac\u0119 w innej plac\u00f3wce o\u015bwiatowej w Raszkowie.<\/strong><\/p>\n<p>Karol Marsza\u0142 pracy ostatecznie nie dosta\u0142 i pozosta\u0142 w II LO. Ca\u0142a sytuacja z pewno\u015bci\u0105 nie jest \u0142atwa dla Starosty Powiatu Ostrowskiego. Pawe\u0142 Rajki dosta\u0142 jasny sygna\u0142, \u017ce dyrektor woli pracowa\u0107 w innym miejscu. W Ostrowie zosta\u0142 tylko dlatego \u017ce nie uda\u0142o mu si\u0119 dosta\u0107 innej posady, o kt\u00f3r\u0105 si\u0119 ubiega\u0142.<\/p>\n<blockquote><p>&#8211; Ubieganie si\u0119 o inn\u0105 prac\u0119 przez pana dyrektora to ju\u017c historia. Do 2017 roku ma wa\u017cny kontrakt. Tak jak ka\u017cdy z moich pracownik\u00f3w czy wsp\u00f3\u0142pracownik\u00f3w mo\u017ce ubiega\u0107 si\u0119 o inne stanowisko. Przyj\u0105\u0142em to ze zrozumieniem \u2013 odpowiada dyplomatycznie Pawe\u0142 Rajski.<\/p><\/blockquote>\n<p>Starosta Powiatu Ostrowskiego jest jednak przekonany, \u017ce sytuacja II LO ju\u017c wkr\u00f3tce ulegnie poprawnie. Przypomnijmy, \u017ce skonfliktowane grono pedagogiczne nie jest jedynym problemem szko\u0142y. Najbardziej martwi niewielka liczba klas pierwszych.<\/p>\n<blockquote><p>&#8211; Jeste\u015bmy w okresie, kiedy szko\u0142y prowadz\u0105 bardzo aktywne dzia\u0142ania promocyjne. Uwa\u017cam, \u017ce II Liceum Og\u00f3lnokszta\u0142c\u0105ce zaczyna by\u0107 coraz lepiej postrzegane po jakim\u015b chwilowym kryzysie. Mam nadziej\u0119, \u017ce najbli\u017cszy nab\u00f3r b\u0119dzie dobry \u2013 t\u0142umaczy Rajski.<\/p><\/blockquote>\n<p>A czym w ocenie starosty jest &#8222;dobry&#8221; nab\u00f3r?<\/p>\n<blockquote><p>&#8211; Dobry wynik to wi\u0119cej klas ni\u017c do tej pory. W tym roku szkolnym by\u0142y trzy klasy pierwsze. W I LO by\u0142o ich sze\u015b\u0107, podobnie jak w III LO. W IV LO mamy trzy pierwsze klasy. Uwa\u017cam, \u017ce dwie szko\u0142y, kt\u00f3re mia\u0142y ostatnio najni\u017cszy nab\u00f3r, b\u0119d\u0105 w stanie stworzy\u0107 po jednym oddziale wi\u0119cej \u2013 dodaje na zako\u0144czenie Rajski.<\/p><\/blockquote>\n<p><strong>Weryfikacja jego oczekiwa\u0144 nast\u0105pi ju\u017c nied\u0142ugo. Wtedy b\u0119dzie mo\u017cna oceni\u0107 prac\u0119, kt\u00f3r\u0105 przez ostatni rok wykonali dyrektorzy poszczeg\u00f3lnych szk\u00f3\u0142. Do tematu zatem wr\u00f3cimy.<\/strong><\/p>\n","protected":false},"excerpt":{"rendered":"II Liceum Og\u00f3lnokszta\u0142c\u0105ce w Ostrowie Wielkopolskim prze\u017cywa kryzys. W poprawie sytuacji na pewno nie pomog\u0142y ostatnie dzia\u0142ania dyrektora Karola Marsza\u0142a, kt\u00f3ry ubiega\u0142 si\u0119 \n<a class=\"moretag\" href=\"https:\/\/ostrowskatv.pl\/?p=815\"> [...]<\/a>","protected":false},"author":1,"featured_media":331,"comment_status":"open","ping_status":"open","sticky":false,"template":"","format":"standard","meta":{"footnotes":""},"categories":[1],"tags":[2],"class_list":["post-815","post","type-post","status-publish","format-standard","has-post-thumbnail","hentry","category-news","tag-ostrow-wielkopolski"],"_links":{"self":[{"href":"https:\/\/ostrowskatv.pl\/index.php?rest_route=\/wp\/v2\/posts\/815","targetHints":{"allow":["GET"]}}],"collection":[{"href":"https:\/\/ostrowskatv.pl\/index.php?rest_route=\/wp\/v2\/posts"}],"about":[{"href":"https:\/\/ostrowskatv.pl\/index.php?rest_route=\/wp\/v2\/types\/post"}],"author":[{"embeddable":true,"href":"https:\/\/ostrowskatv.pl\/index.php?rest_route=\/wp\/v2\/users\/1"}],"replies":[{"embeddable":true,"href":"https:\/\/ostrowskatv.pl\/index.php?rest_route=%2Fwp%2Fv2%2Fcomments&post=815"}],"version-history":[{"count":0,"href":"https:\/\/ostrowskatv.pl\/index.php?rest_route=\/wp\/v2\/posts\/815\/revisions"}],"wp:featuredmedia":[{"embeddable":true,"href":"https:\/\/ostrowskatv.pl\/index.php?rest_route=\/wp\/v2\/media\/331"}],"wp:attachment":[{"href":"https:\/\/ostrowskatv.pl\/index.php?rest_route=%2Fwp%2Fv2%2Fmedia&parent=815"}],"wp:term":[{"taxonomy":"category","embeddable":true,"href":"https:\/\/ostrowskatv.pl\/index.php?rest_route=%2Fwp%2Fv2%2Fcategories&post=815"},{"taxonomy":"post_tag","embeddable":true,"href":"https:\/\/ostrowskatv.pl\/index.php?rest_route=%2Fwp%2Fv2%2Ftags&post=815"}],"curies":[{"name":"wp","href":"https:\/\/api.w.org\/{rel}","templated":true}]}}