{"id":8147,"date":"2019-01-04T23:07:24","date_gmt":"2019-01-04T22:07:24","guid":{"rendered":"http:\/\/ostrowska.tv\/?p=8147"},"modified":"2019-01-04T23:10:21","modified_gmt":"2019-01-04T22:10:21","slug":"3-kolizje-na-jednym-skrzyzowaniu","status":"publish","type":"post","link":"https:\/\/ostrowskatv.pl\/?p=8147","title":{"rendered":"3 kolizje na jednym skrzy\u017cowaniu"},"content":{"rendered":"<p><strong>Wyj\u0105tkowo pechowe by\u0142o dzisiaj skrzy\u017cowanie Alei S\u0142owackiego z Kr\u00f3lowej Jadwigi. Najpierw oko\u0142o godziny 16.00 dosz\u0142o do dw\u00f3ch kolizji z powodu \u015blisko\u015bci na jezdni. Natomiast po godzinie 20.00 kto\u015b wjecha\u0142 na czerwonym \u015bwietle, ale ka\u017cdy z kierowc\u00f3w sta\u0142 przy swoich racjach.<\/strong><\/p>\n<p>Do kolizji trzech aut tj. Opla, Peugeota i Volkswagena dosz\u0142o na pasie Alei S\u0142owackiego w stron\u0119 dworca. Peugeot uderzy\u0142 w ty\u0142 Volkswagena, a ten w ty\u0142 Opla. W podobnym czasie Renault Scenic delikatnie uderzy\u0142 w ty\u0142 Mercedesa. Oba pojazdy zamierza\u0142y skr\u0119ci\u0107 w lewo w Kr\u00f3lowej Jadwigi.<\/p>\n<div id='gallery-1' class='gallery galleryid-8147 gallery-columns-3 gallery-size-thumbnail'><figure class='gallery-item'>\n\t\t\t<div class='gallery-icon landscape'>\n\t\t\t\t<a href='https:\/\/ostrowskatv.pl\/?attachment_id=8148'><img loading=\"lazy\" decoding=\"async\" width=\"150\" height=\"150\" src=\"https:\/\/ostrowskatv.pl\/wp-content\/uploads\/2019\/01\/IMG_20190104_161428-150x150.jpg\" class=\"attachment-thumbnail size-thumbnail\" alt=\"\" \/><\/a>\n\t\t\t<\/div><\/figure><figure class='gallery-item'>\n\t\t\t<div class='gallery-icon landscape'>\n\t\t\t\t<a href='https:\/\/ostrowskatv.pl\/?attachment_id=8149'><img loading=\"lazy\" decoding=\"async\" width=\"150\" height=\"150\" src=\"https:\/\/ostrowskatv.pl\/wp-content\/uploads\/2019\/01\/IMG_20190104_161551-150x150.jpg\" class=\"attachment-thumbnail size-thumbnail\" alt=\"\" \/><\/a>\n\t\t\t<\/div><\/figure><figure class='gallery-item'>\n\t\t\t<div class='gallery-icon landscape'>\n\t\t\t\t<a href='https:\/\/ostrowskatv.pl\/?attachment_id=8151'><img loading=\"lazy\" decoding=\"async\" width=\"150\" height=\"150\" src=\"https:\/\/ostrowskatv.pl\/wp-content\/uploads\/2019\/01\/IMG_20190104_161748-150x150.jpg\" class=\"attachment-thumbnail size-thumbnail\" alt=\"\" \/><\/a>\n\t\t\t<\/div><\/figure><figure class='gallery-item'>\n\t\t\t<div class='gallery-icon landscape'>\n\t\t\t\t<a href='https:\/\/ostrowskatv.pl\/?attachment_id=8150'><img loading=\"lazy\" decoding=\"async\" width=\"150\" height=\"150\" src=\"https:\/\/ostrowskatv.pl\/wp-content\/uploads\/2019\/01\/IMG_20190104_161658-150x150.jpg\" class=\"attachment-thumbnail size-thumbnail\" alt=\"\" \/><\/a>\n\t\t\t<\/div><\/figure>\n\t\t<\/div>\n\n<p>Wieczorem kierowca Fiat Ulysse zamierza\u0142 wyjecha\u0107 z ulicy Kr. Jadwigi. Jak sam przekonywa\u0142, jest do\u015bwiadczony i uwa\u017cnie obserwowa\u0142 sygnalizator g\u00f3rny wy\u015bwietlaj\u0105cy pocz\u0105tkowo czerwone \u015bwiat\u0142o. P\u00f3\u017aniej mia\u0142 za\u015bwieci\u0107 na zielono. Kierowca Fiata dojrza\u0142, \u017ce auta z lewej strony jak i jedno z prawej strony stoj\u0105. Wtedy w jego prawy bok uderzy\u0142 Mercedes odebrany z salonu 3 tygodnie temu. Kierowa\u0142a nim m\u0142oda kobieta. Ona r\u00f3wnie\u017c by\u0142a przekonana, \u017ce wjecha\u0142a na zielonym \u015bwietle. Racj\u0119 oceni s\u0105d, chyba, \u017ce znajd\u0105 si\u0119 \u015bwiadkowie lub nagrania z kamerki.<\/p>\n<div id='gallery-2' class='gallery galleryid-8147 gallery-columns-3 gallery-size-thumbnail'><figure class='gallery-item'>\n\t\t\t<div class='gallery-icon landscape'>\n\t\t\t\t<a href='https:\/\/ostrowskatv.pl\/?attachment_id=8152'><img loading=\"lazy\" decoding=\"async\" width=\"150\" height=\"150\" src=\"https:\/\/ostrowskatv.pl\/wp-content\/uploads\/2019\/01\/IMG_20190104_202807-150x150.jpg\" class=\"attachment-thumbnail size-thumbnail\" alt=\"\" \/><\/a>\n\t\t\t<\/div><\/figure><figure class='gallery-item'>\n\t\t\t<div class='gallery-icon landscape'>\n\t\t\t\t<a href='https:\/\/ostrowskatv.pl\/?attachment_id=8153'><img loading=\"lazy\" decoding=\"async\" width=\"150\" height=\"150\" src=\"https:\/\/ostrowskatv.pl\/wp-content\/uploads\/2019\/01\/IMG_20190104_202554-150x150.jpg\" class=\"attachment-thumbnail size-thumbnail\" alt=\"\" \/><\/a>\n\t\t\t<\/div><\/figure><figure class='gallery-item'>\n\t\t\t<div class='gallery-icon landscape'>\n\t\t\t\t<a href='https:\/\/ostrowskatv.pl\/?attachment_id=8154'><img loading=\"lazy\" decoding=\"async\" width=\"150\" height=\"150\" src=\"https:\/\/ostrowskatv.pl\/wp-content\/uploads\/2019\/01\/IMG_20190104_203326-150x150.jpg\" class=\"attachment-thumbnail size-thumbnail\" alt=\"\" \/><\/a>\n\t\t\t<\/div><\/figure>\n\t\t<\/div>\n\n","protected":false},"excerpt":{"rendered":"Wyj\u0105tkowo pechowe by\u0142o dzisiaj skrzy\u017cowanie Alei S\u0142owackiego z Kr\u00f3lowej Jadwigi. Najpierw oko\u0142o godziny 16.00 dosz\u0142o do dw\u00f3ch kolizji z powodu \u015blisko\u015bci na jezdni. \n<a class=\"moretag\" href=\"https:\/\/ostrowskatv.pl\/?p=8147\"> [...]<\/a>","protected":false},"author":1,"featured_media":8149,"comment_status":"open","ping_status":"closed","sticky":false,"template":"","format":"standard","meta":{"footnotes":""},"categories":[1],"tags":[2],"class_list":["post-8147","post","type-post","status-publish","format-standard","has-post-thumbnail","hentry","category-news","tag-ostrow-wielkopolski"],"_links":{"self":[{"href":"https:\/\/ostrowskatv.pl\/index.php?rest_route=\/wp\/v2\/posts\/8147","targetHints":{"allow":["GET"]}}],"collection":[{"href":"https:\/\/ostrowskatv.pl\/index.php?rest_route=\/wp\/v2\/posts"}],"about":[{"href":"https:\/\/ostrowskatv.pl\/index.php?rest_route=\/wp\/v2\/types\/post"}],"author":[{"embeddable":true,"href":"https:\/\/ostrowskatv.pl\/index.php?rest_route=\/wp\/v2\/users\/1"}],"replies":[{"embeddable":true,"href":"https:\/\/ostrowskatv.pl\/index.php?rest_route=%2Fwp%2Fv2%2Fcomments&post=8147"}],"version-history":[{"count":0,"href":"https:\/\/ostrowskatv.pl\/index.php?rest_route=\/wp\/v2\/posts\/8147\/revisions"}],"wp:featuredmedia":[{"embeddable":true,"href":"https:\/\/ostrowskatv.pl\/index.php?rest_route=\/wp\/v2\/media\/8149"}],"wp:attachment":[{"href":"https:\/\/ostrowskatv.pl\/index.php?rest_route=%2Fwp%2Fv2%2Fmedia&parent=8147"}],"wp:term":[{"taxonomy":"category","embeddable":true,"href":"https:\/\/ostrowskatv.pl\/index.php?rest_route=%2Fwp%2Fv2%2Fcategories&post=8147"},{"taxonomy":"post_tag","embeddable":true,"href":"https:\/\/ostrowskatv.pl\/index.php?rest_route=%2Fwp%2Fv2%2Ftags&post=8147"}],"curies":[{"name":"wp","href":"https:\/\/api.w.org\/{rel}","templated":true}]}}