{"id":8140,"date":"2019-01-03T21:35:52","date_gmt":"2019-01-03T20:35:52","guid":{"rendered":"http:\/\/ostrowska.tv\/?p=8140"},"modified":"2019-01-03T21:35:52","modified_gmt":"2019-01-03T20:35:52","slug":"splonal-jedyny-sklep-na-wsi","status":"publish","type":"post","link":"https:\/\/ostrowskatv.pl\/?p=8140","title":{"rendered":"Sp\u0142on\u0105\u0142 jedyny sklep na wsi"},"content":{"rendered":"<p><strong>Sklep na wsi na centrum spotka\u0144 towarzyskich i g\u0142\u00f3wny punkt zaopatrzeniowy dla lokalnych smakoszy napoi wyskokowych. Mieszka\u0144cy wsi Walentyn\u00f3w stracili na pewien czas go, przynajmniej na jaki\u015b czas. Wszystko za spraw\u0105 po\u017caru, kt\u00f3ry wybuch\u0142 oko\u0142o godziny 20.00.<\/strong><\/p>\n<p>Na miejsce skierowano kilka zast\u0119p\u00f3w stra\u017cy po\u017carnej. Ogie\u0144 obejmowa\u0142 ca\u0142y obiekt. Spod dachu wydobywa\u0142y si\u0119 k\u0142\u0119by dymu. Poszkodowany zosta\u0142 oko\u0142o 30-letni m\u0119\u017cczyzna. Ma poparzone r\u0119ce. Dyspozytor medyczny z Kalisza, pomimo i\u017c karetka wyjecha\u0142a prawie godzin\u0119 od wezwania (wcze\u015bniej wszystkie karetki by\u0142y zaj\u0119te), wys\u0142a\u0142 ambulans bez w\u0142\u0105czonych sygna\u0142\u00f3w \u015bwietlnych i d\u017awi\u0119kowych. Nie trzeba mie\u0107 du\u017cej wyobra\u017ani dla cierpie\u0144, kt\u00f3re musia\u0142 znosi\u0107 poszkodowany m\u0119\u017cczyzna. Na szcz\u0119\u015bcie zaopatrywali go wst\u0119pnie stra\u017cacy ochotnicy z Raszkowa.<\/p>\n<div id='gallery-1' class='gallery galleryid-8140 gallery-columns-3 gallery-size-thumbnail'><figure class='gallery-item'>\n\t\t\t<div class='gallery-icon landscape'>\n\t\t\t\t<a href='https:\/\/ostrowskatv.pl\/?attachment_id=8141'><img loading=\"lazy\" decoding=\"async\" width=\"150\" height=\"150\" src=\"https:\/\/ostrowskatv.pl\/wp-content\/uploads\/2019\/01\/IMG_20190103_205001-150x150.jpg\" class=\"attachment-thumbnail size-thumbnail\" alt=\"\" \/><\/a>\n\t\t\t<\/div><\/figure><figure class='gallery-item'>\n\t\t\t<div class='gallery-icon portrait'>\n\t\t\t\t<a href='https:\/\/ostrowskatv.pl\/?attachment_id=8142'><img loading=\"lazy\" decoding=\"async\" width=\"150\" height=\"150\" src=\"https:\/\/ostrowskatv.pl\/wp-content\/uploads\/2019\/01\/IMG_20190103_204934-150x150.jpg\" class=\"attachment-thumbnail size-thumbnail\" alt=\"\" \/><\/a>\n\t\t\t<\/div><\/figure><figure class='gallery-item'>\n\t\t\t<div class='gallery-icon landscape'>\n\t\t\t\t<a href='https:\/\/ostrowskatv.pl\/?attachment_id=8143'><img loading=\"lazy\" decoding=\"async\" width=\"150\" height=\"150\" src=\"https:\/\/ostrowskatv.pl\/wp-content\/uploads\/2019\/01\/IMG_20190103_205008-150x150.jpg\" class=\"attachment-thumbnail size-thumbnail\" alt=\"\" \/><\/a>\n\t\t\t<\/div><\/figure><figure class='gallery-item'>\n\t\t\t<div class='gallery-icon landscape'>\n\t\t\t\t<a href='https:\/\/ostrowskatv.pl\/?attachment_id=8144'><img loading=\"lazy\" decoding=\"async\" width=\"150\" height=\"150\" src=\"https:\/\/ostrowskatv.pl\/wp-content\/uploads\/2019\/01\/IMG_20190103_204854-150x150.jpg\" class=\"attachment-thumbnail size-thumbnail\" alt=\"\" \/><\/a>\n\t\t\t<\/div><\/figure><figure class='gallery-item'>\n\t\t\t<div class='gallery-icon landscape'>\n\t\t\t\t<a href='https:\/\/ostrowskatv.pl\/?attachment_id=8145'><img loading=\"lazy\" decoding=\"async\" width=\"150\" height=\"150\" src=\"https:\/\/ostrowskatv.pl\/wp-content\/uploads\/2019\/01\/IMG_20190103_204930-150x150.jpg\" class=\"attachment-thumbnail size-thumbnail\" alt=\"\" \/><\/a>\n\t\t\t<\/div><\/figure>\n\t\t<\/div>\n\n","protected":false},"excerpt":{"rendered":"Sklep na wsi na centrum spotka\u0144 towarzyskich i g\u0142\u00f3wny punkt zaopatrzeniowy dla lokalnych smakoszy napoi wyskokowych. Mieszka\u0144cy wsi Walentyn\u00f3w stracili na pewien czas \n<a class=\"moretag\" href=\"https:\/\/ostrowskatv.pl\/?p=8140\"> [...]<\/a>","protected":false},"author":1,"featured_media":8141,"comment_status":"open","ping_status":"closed","sticky":false,"template":"","format":"standard","meta":{"footnotes":""},"categories":[1],"tags":[153],"class_list":["post-8140","post","type-post","status-publish","format-standard","has-post-thumbnail","hentry","category-news","tag-gm-raszkow"],"_links":{"self":[{"href":"https:\/\/ostrowskatv.pl\/index.php?rest_route=\/wp\/v2\/posts\/8140","targetHints":{"allow":["GET"]}}],"collection":[{"href":"https:\/\/ostrowskatv.pl\/index.php?rest_route=\/wp\/v2\/posts"}],"about":[{"href":"https:\/\/ostrowskatv.pl\/index.php?rest_route=\/wp\/v2\/types\/post"}],"author":[{"embeddable":true,"href":"https:\/\/ostrowskatv.pl\/index.php?rest_route=\/wp\/v2\/users\/1"}],"replies":[{"embeddable":true,"href":"https:\/\/ostrowskatv.pl\/index.php?rest_route=%2Fwp%2Fv2%2Fcomments&post=8140"}],"version-history":[{"count":0,"href":"https:\/\/ostrowskatv.pl\/index.php?rest_route=\/wp\/v2\/posts\/8140\/revisions"}],"wp:featuredmedia":[{"embeddable":true,"href":"https:\/\/ostrowskatv.pl\/index.php?rest_route=\/wp\/v2\/media\/8141"}],"wp:attachment":[{"href":"https:\/\/ostrowskatv.pl\/index.php?rest_route=%2Fwp%2Fv2%2Fmedia&parent=8140"}],"wp:term":[{"taxonomy":"category","embeddable":true,"href":"https:\/\/ostrowskatv.pl\/index.php?rest_route=%2Fwp%2Fv2%2Fcategories&post=8140"},{"taxonomy":"post_tag","embeddable":true,"href":"https:\/\/ostrowskatv.pl\/index.php?rest_route=%2Fwp%2Fv2%2Ftags&post=8140"}],"curies":[{"name":"wp","href":"https:\/\/api.w.org\/{rel}","templated":true}]}}