{"id":8132,"date":"2019-01-03T12:35:38","date_gmt":"2019-01-03T11:35:38","guid":{"rendered":"http:\/\/ostrowska.tv\/?p=8132"},"modified":"2019-01-03T12:35:38","modified_gmt":"2019-01-03T11:35:38","slug":"usg-3d-trafilo-do-ostrowskiego-szpitala","status":"publish","type":"post","link":"https:\/\/ostrowskatv.pl\/?p=8132","title":{"rendered":"USG 3D trafi\u0142o do ostrowskiego szpitala"},"content":{"rendered":"<p><strong>Ostrowski szpital z pocz\u0105tkiem roku otrzyma\u0142 bardzo nowoczesny Ultrasonograf 3D. Na jego zakup z\u0142o\u017cy\u0142o si\u0119 kilku donator\u00f3w, w\u015br\u00f3d nich organ nadzoruj\u0105cy powiat ostrowski czy ZAP Kooperacja. Kosztowa\u0142 300 tysi\u0119cy z\u0142 i\u00a0podniesie standard us\u0142ug medycznych.<\/strong><\/p>\n<blockquote><p>&#8211; Chcia\u0142bym bardzo podzi\u0119kowa\u0107 panu staro\u015bcie, panu dyrektorowi oraz Zenonowi Pawlakowi, kt\u00f3ry nie po raz pierwszy wspiera nas przy zakupie tak specjalistycznego sprz\u0119tu. Po kilkunastu latach uda\u0142o nam si\u0119 zakupi\u0107 najbardziej nowoczesny aparat USG firmy Samsung. Ma bardzo szerokie mo\u017cliwo\u015bci. Posiada znakomit\u0105 funkcj\u0119 Doplera, poniewa\u017c dzisiaj po\u0142o\u017cnictwo opiera si\u0119 g\u0142\u00f3wnie na badaniu sonograficznym. To badanie kwalifikuje pacjentki, a tak\u017ce p\u0142ody do wcze\u015bniejszego lub p\u00f3\u017aniejszego rozwi\u0105zania. Obecnie opieramy si\u0119 nie tylko na obrazie USG, ale tak\u017ce obrazie doplerowskim ukazuj\u0105cym przep\u0142ywy w uk\u0142adzie naczyniowym. One decyduj\u0105 o naszej diagnozie. Wszystkie ci\u0119\u017carne, kt\u00f3re przejmujemy w ramach patologii ci\u0105\u017cy, mo\u017cemy podejmowa\u0107 szybkie decyzje. &#8211; Tomasz Gostomczyk, kierownik Oddzia\u0142u Po\u0142o\u017cniczo-Ginekologicznego.<\/p><\/blockquote>\n<blockquote><p>Poprzedni sprz\u0119t nie umo\u017cliwia\u0142 przeprowadzania diagnostyki doplerowskiej i mia\u0142 12 lat. Nowy sprz\u0119t prezentuje zupe\u0142nie inny \u015bwiat. Bez tego sprz\u0119tu podejmowali\u015bmy szybsze decyzje o wykonaniu ci\u0119cia cesarskiego, a wiadomo, \u017ce ka\u017cdy dodatkowy dzie\u0144 w \u0142onie matki wp\u0142ywa bardzo pozytywnie na jego rozw\u00f3j. &#8211; doda\u0142 Tomasz Gostomczyk<\/p><\/blockquote>\n<blockquote><p>2019 r. b\u0119dzie dobrym rokiem dla ostrowskiego szpitala, zar\u00f3wno pod k\u0105tem inwestycji szerokorozumianych m.in. w sprz\u0119t. &#8211; Pawe\u0142 Rajski, starosta ostrowski.<\/p><\/blockquote>\n<p>Ostrowski szpital utrzyma\u0142 poziom 2 tysi\u0119cy porod\u00f3w rocznie. Okoliczne szpitale powiatowe odnotowa\u0142y znacz\u0105cy spadek. \u015awiadczy to o tym, \u017ce pacjentki chc\u0105 rodzi\u0107 w ostrowskim szpitalu.<\/p>\n<div id='gallery-1' class='gallery galleryid-8132 gallery-columns-3 gallery-size-thumbnail'><figure class='gallery-item'>\n\t\t\t<div class='gallery-icon landscape'>\n\t\t\t\t<a href='https:\/\/ostrowskatv.pl\/?attachment_id=8133'><img loading=\"lazy\" decoding=\"async\" width=\"150\" height=\"150\" src=\"https:\/\/ostrowskatv.pl\/wp-content\/uploads\/2019\/01\/usg_3d_szpital01-150x150.jpg\" class=\"attachment-thumbnail size-thumbnail\" alt=\"\" \/><\/a>\n\t\t\t<\/div><\/figure><figure class='gallery-item'>\n\t\t\t<div class='gallery-icon portrait'>\n\t\t\t\t<a href='https:\/\/ostrowskatv.pl\/?attachment_id=8137'><img loading=\"lazy\" decoding=\"async\" width=\"150\" height=\"150\" src=\"https:\/\/ostrowskatv.pl\/wp-content\/uploads\/2019\/01\/usg_3d_szpital04-150x150.jpg\" class=\"attachment-thumbnail size-thumbnail\" alt=\"\" \/><\/a>\n\t\t\t<\/div><\/figure><figure class='gallery-item'>\n\t\t\t<div class='gallery-icon portrait'>\n\t\t\t\t<a href='https:\/\/ostrowskatv.pl\/?attachment_id=8134'><img loading=\"lazy\" decoding=\"async\" width=\"150\" height=\"150\" src=\"https:\/\/ostrowskatv.pl\/wp-content\/uploads\/2019\/01\/usg_3d_szpital02-150x150.jpg\" class=\"attachment-thumbnail size-thumbnail\" alt=\"\" \/><\/a>\n\t\t\t<\/div><\/figure><figure class='gallery-item'>\n\t\t\t<div class='gallery-icon landscape'>\n\t\t\t\t<a href='https:\/\/ostrowskatv.pl\/?attachment_id=8136'><img loading=\"lazy\" decoding=\"async\" width=\"150\" height=\"150\" src=\"https:\/\/ostrowskatv.pl\/wp-content\/uploads\/2019\/01\/usg_3d_szpital03-150x150.jpg\" class=\"attachment-thumbnail size-thumbnail\" alt=\"\" \/><\/a>\n\t\t\t<\/div><\/figure><figure class='gallery-item'>\n\t\t\t<div class='gallery-icon landscape'>\n\t\t\t\t<a href='https:\/\/ostrowskatv.pl\/?attachment_id=8135'><img loading=\"lazy\" decoding=\"async\" width=\"150\" height=\"150\" src=\"https:\/\/ostrowskatv.pl\/wp-content\/uploads\/2019\/01\/usg_3d_szpital05-150x150.jpg\" class=\"attachment-thumbnail size-thumbnail\" alt=\"\" \/><\/a>\n\t\t\t<\/div><\/figure>\n\t\t<\/div>\n\n","protected":false},"excerpt":{"rendered":"Ostrowski szpital z pocz\u0105tkiem roku otrzyma\u0142 bardzo nowoczesny Ultrasonograf 3D. Na jego zakup z\u0142o\u017cy\u0142o si\u0119 kilku donator\u00f3w, w\u015br\u00f3d nich organ nadzoruj\u0105cy powiat ostrowski \n<a class=\"moretag\" href=\"https:\/\/ostrowskatv.pl\/?p=8132\"> [...]<\/a>","protected":false},"author":1,"featured_media":8133,"comment_status":"open","ping_status":"closed","sticky":false,"template":"","format":"standard","meta":{"footnotes":""},"categories":[1],"tags":[2],"class_list":["post-8132","post","type-post","status-publish","format-standard","has-post-thumbnail","hentry","category-news","tag-ostrow-wielkopolski"],"_links":{"self":[{"href":"https:\/\/ostrowskatv.pl\/index.php?rest_route=\/wp\/v2\/posts\/8132","targetHints":{"allow":["GET"]}}],"collection":[{"href":"https:\/\/ostrowskatv.pl\/index.php?rest_route=\/wp\/v2\/posts"}],"about":[{"href":"https:\/\/ostrowskatv.pl\/index.php?rest_route=\/wp\/v2\/types\/post"}],"author":[{"embeddable":true,"href":"https:\/\/ostrowskatv.pl\/index.php?rest_route=\/wp\/v2\/users\/1"}],"replies":[{"embeddable":true,"href":"https:\/\/ostrowskatv.pl\/index.php?rest_route=%2Fwp%2Fv2%2Fcomments&post=8132"}],"version-history":[{"count":0,"href":"https:\/\/ostrowskatv.pl\/index.php?rest_route=\/wp\/v2\/posts\/8132\/revisions"}],"wp:featuredmedia":[{"embeddable":true,"href":"https:\/\/ostrowskatv.pl\/index.php?rest_route=\/wp\/v2\/media\/8133"}],"wp:attachment":[{"href":"https:\/\/ostrowskatv.pl\/index.php?rest_route=%2Fwp%2Fv2%2Fmedia&parent=8132"}],"wp:term":[{"taxonomy":"category","embeddable":true,"href":"https:\/\/ostrowskatv.pl\/index.php?rest_route=%2Fwp%2Fv2%2Fcategories&post=8132"},{"taxonomy":"post_tag","embeddable":true,"href":"https:\/\/ostrowskatv.pl\/index.php?rest_route=%2Fwp%2Fv2%2Ftags&post=8132"}],"curies":[{"name":"wp","href":"https:\/\/api.w.org\/{rel}","templated":true}]}}