{"id":8119,"date":"2019-01-02T16:31:04","date_gmt":"2019-01-02T15:31:04","guid":{"rendered":"http:\/\/ostrowska.tv\/?p=8119"},"modified":"2019-01-02T16:31:16","modified_gmt":"2019-01-02T15:31:16","slug":"8119","status":"publish","type":"post","link":"https:\/\/ostrowskatv.pl\/?p=8119","title":{"rendered":"Sp\u0142on\u0105\u0142 zak\u0142ad meblarski"},"content":{"rendered":"<p><strong>55 kilometr\u00f3w od Ostrowa Wlkp. w Wieruszowie dosz\u0142o do po\u017caru hali produkcyjnej w zak\u0142adzie meblarskim. Sp\u0142on\u0119\u0142a cz\u0119\u015b\u0107 ze stolarni\u0105 oraz szwalni\u0105. Ogie\u0144 pojawi\u0142 si\u0119 oko\u0142o godziny 6.00. Kilkadziesi\u0105t minut wcze\u015bniej, wsp\u00f3\u0142w\u0142a\u015bciciel uruchamia\u0142 maszyny, przed przybyciem pracownik\u00f3w. Sp\u0142on\u0105\u0142 budynek o wymiarach 120&#215;60 metr\u00f3w. <\/strong><\/p>\n<p>Na miejsce zadysponowano 18 zast\u0119p\u00f3w stra\u017cy po\u017carnej. W samym po\u017carze nikt nie ucierpia\u0142, ale odwo\u0142ano zaj\u0119cia w szkole znajduj\u0105cej si\u0119 po drugiej stronie ulicy. Akcja by\u0142a utrudniona z powodu silnego wiatru i du\u017cego zadymienia.<\/p>\n<div id='gallery-1' class='gallery galleryid-8119 gallery-columns-3 gallery-size-thumbnail'><figure class='gallery-item'>\n\t\t\t<div class='gallery-icon landscape'>\n\t\t\t\t<a href='https:\/\/ostrowskatv.pl\/?attachment_id=8125'><img loading=\"lazy\" decoding=\"async\" width=\"150\" height=\"150\" src=\"https:\/\/ostrowskatv.pl\/wp-content\/uploads\/2019\/01\/hala_wieruszow_1-150x150.jpg\" class=\"attachment-thumbnail size-thumbnail\" alt=\"\" \/><\/a>\n\t\t\t<\/div><\/figure><figure class='gallery-item'>\n\t\t\t<div class='gallery-icon landscape'>\n\t\t\t\t<a href='https:\/\/ostrowskatv.pl\/?attachment_id=8126'><img loading=\"lazy\" decoding=\"async\" width=\"150\" height=\"150\" src=\"https:\/\/ostrowskatv.pl\/wp-content\/uploads\/2019\/01\/hala_wieruszow_2-150x150.jpg\" class=\"attachment-thumbnail size-thumbnail\" alt=\"\" \/><\/a>\n\t\t\t<\/div><\/figure><figure class='gallery-item'>\n\t\t\t<div class='gallery-icon landscape'>\n\t\t\t\t<a href='https:\/\/ostrowskatv.pl\/?attachment_id=8127'><img loading=\"lazy\" decoding=\"async\" width=\"150\" height=\"150\" src=\"https:\/\/ostrowskatv.pl\/wp-content\/uploads\/2019\/01\/hala_wieruszow_3-150x150.jpg\" class=\"attachment-thumbnail size-thumbnail\" alt=\"\" \/><\/a>\n\t\t\t<\/div><\/figure><figure class='gallery-item'>\n\t\t\t<div class='gallery-icon landscape'>\n\t\t\t\t<a href='https:\/\/ostrowskatv.pl\/?attachment_id=8128'><img loading=\"lazy\" decoding=\"async\" width=\"150\" height=\"150\" src=\"https:\/\/ostrowskatv.pl\/wp-content\/uploads\/2019\/01\/hala_wieruszow_4-150x150.jpg\" class=\"attachment-thumbnail size-thumbnail\" alt=\"\" \/><\/a>\n\t\t\t<\/div><\/figure><figure class='gallery-item'>\n\t\t\t<div class='gallery-icon landscape'>\n\t\t\t\t<a href='https:\/\/ostrowskatv.pl\/?attachment_id=8129'><img loading=\"lazy\" decoding=\"async\" width=\"150\" height=\"150\" src=\"https:\/\/ostrowskatv.pl\/wp-content\/uploads\/2019\/01\/hala_wieruszow_5-150x150.jpg\" class=\"attachment-thumbnail size-thumbnail\" alt=\"\" \/><\/a>\n\t\t\t<\/div><\/figure>\n\t\t<\/div>\n\n","protected":false},"excerpt":{"rendered":"55 kilometr\u00f3w od Ostrowa Wlkp. w Wieruszowie dosz\u0142o do po\u017caru hali produkcyjnej w zak\u0142adzie meblarskim. Sp\u0142on\u0119\u0142a cz\u0119\u015b\u0107 ze stolarni\u0105 oraz szwalni\u0105. Ogie\u0144 pojawi\u0142 \n<a class=\"moretag\" href=\"https:\/\/ostrowskatv.pl\/?p=8119\"> [...]<\/a>","protected":false},"author":1,"featured_media":8128,"comment_status":"open","ping_status":"closed","sticky":false,"template":"","format":"standard","meta":{"footnotes":""},"categories":[1],"tags":[7],"class_list":["post-8119","post","type-post","status-publish","format-standard","has-post-thumbnail","hentry","category-news","tag-pozar"],"_links":{"self":[{"href":"https:\/\/ostrowskatv.pl\/index.php?rest_route=\/wp\/v2\/posts\/8119","targetHints":{"allow":["GET"]}}],"collection":[{"href":"https:\/\/ostrowskatv.pl\/index.php?rest_route=\/wp\/v2\/posts"}],"about":[{"href":"https:\/\/ostrowskatv.pl\/index.php?rest_route=\/wp\/v2\/types\/post"}],"author":[{"embeddable":true,"href":"https:\/\/ostrowskatv.pl\/index.php?rest_route=\/wp\/v2\/users\/1"}],"replies":[{"embeddable":true,"href":"https:\/\/ostrowskatv.pl\/index.php?rest_route=%2Fwp%2Fv2%2Fcomments&post=8119"}],"version-history":[{"count":0,"href":"https:\/\/ostrowskatv.pl\/index.php?rest_route=\/wp\/v2\/posts\/8119\/revisions"}],"wp:featuredmedia":[{"embeddable":true,"href":"https:\/\/ostrowskatv.pl\/index.php?rest_route=\/wp\/v2\/media\/8128"}],"wp:attachment":[{"href":"https:\/\/ostrowskatv.pl\/index.php?rest_route=%2Fwp%2Fv2%2Fmedia&parent=8119"}],"wp:term":[{"taxonomy":"category","embeddable":true,"href":"https:\/\/ostrowskatv.pl\/index.php?rest_route=%2Fwp%2Fv2%2Fcategories&post=8119"},{"taxonomy":"post_tag","embeddable":true,"href":"https:\/\/ostrowskatv.pl\/index.php?rest_route=%2Fwp%2Fv2%2Ftags&post=8119"}],"curies":[{"name":"wp","href":"https:\/\/api.w.org\/{rel}","templated":true}]}}