{"id":8105,"date":"2018-12-30T20:28:12","date_gmt":"2018-12-30T19:28:12","guid":{"rendered":"http:\/\/ostrowska.tv\/?p=8105"},"modified":"2018-12-30T20:28:22","modified_gmt":"2018-12-30T19:28:22","slug":"9-osob-w-dwoch-autach-rozbitych-na-ul-dlugiej","status":"publish","type":"post","link":"https:\/\/ostrowskatv.pl\/?p=8105","title":{"rendered":"9 os\u00f3b w dw\u00f3ch autach rozbitych na ul. D\u0142ugiej"},"content":{"rendered":"<p><strong>Niedzielny wiecz\u00f3r negatywnie zako\u0144czy\u0142 si\u0119 dla dzi\u0119wi\u0119ciorga os\u00f3b bior\u0105cych udzia\u0142 w wypadku. Dosz\u0142o do niego o godzinie 19.30 na skrzy\u017cowaniu ulic Gorzyckiej i D\u0142ugiej w Ostrowie Wielkopolskim.<\/strong><\/p>\n<p>Ze wst\u0119pnych ustale\u0144 wynika,\u00a0 \u017ce kierowca Volkswagena Passata wymusi\u0142 pierwsze\u0144stwo i uderzy\u0142 w Lexusa. Dwie dziewczyny przewieziono do szpitala.<\/p>\n<div id='gallery-1' class='gallery galleryid-8105 gallery-columns-3 gallery-size-thumbnail'><figure class='gallery-item'>\n\t\t\t<div class='gallery-icon landscape'>\n\t\t\t\t<a href='https:\/\/ostrowskatv.pl\/?attachment_id=8106'><img loading=\"lazy\" decoding=\"async\" width=\"150\" height=\"150\" src=\"https:\/\/ostrowskatv.pl\/wp-content\/uploads\/2018\/12\/IMG_20181230_195550-01-150x150.jpg\" class=\"attachment-thumbnail size-thumbnail\" alt=\"\" \/><\/a>\n\t\t\t<\/div><\/figure><figure class='gallery-item'>\n\t\t\t<div class='gallery-icon landscape'>\n\t\t\t\t<a href='https:\/\/ostrowskatv.pl\/?attachment_id=8107'><img loading=\"lazy\" decoding=\"async\" width=\"150\" height=\"150\" src=\"https:\/\/ostrowskatv.pl\/wp-content\/uploads\/2018\/12\/IMG_20181230_195528-01-150x150.jpg\" class=\"attachment-thumbnail size-thumbnail\" alt=\"\" \/><\/a>\n\t\t\t<\/div><\/figure><figure class='gallery-item'>\n\t\t\t<div class='gallery-icon landscape'>\n\t\t\t\t<a href='https:\/\/ostrowskatv.pl\/?attachment_id=8108'><img loading=\"lazy\" decoding=\"async\" width=\"150\" height=\"150\" src=\"https:\/\/ostrowskatv.pl\/wp-content\/uploads\/2018\/12\/IMG_20181230_195605-01-150x150.jpeg\" class=\"attachment-thumbnail size-thumbnail\" alt=\"\" aria-describedby=\"gallery-1-8108\" \/><\/a>\n\t\t\t<\/div>\n\t\t\t\t<figcaption class='wp-caption-text gallery-caption' id='gallery-1-8108'>\n\t\t\t\tbsh\n\t\t\t\t<\/figcaption><\/figure>\n\t\t<\/div>\n\n","protected":false},"excerpt":{"rendered":"Niedzielny wiecz\u00f3r negatywnie zako\u0144czy\u0142 si\u0119 dla dzi\u0119wi\u0119ciorga os\u00f3b bior\u0105cych udzia\u0142 w wypadku. Dosz\u0142o do niego o godzinie 19.30 na skrzy\u017cowaniu ulic Gorzyckiej i \n<a class=\"moretag\" href=\"https:\/\/ostrowskatv.pl\/?p=8105\"> [...]<\/a>","protected":false},"author":1,"featured_media":8107,"comment_status":"open","ping_status":"closed","sticky":false,"template":"","format":"standard","meta":{"footnotes":""},"categories":[1],"tags":[2],"class_list":["post-8105","post","type-post","status-publish","format-standard","has-post-thumbnail","hentry","category-news","tag-ostrow-wielkopolski"],"_links":{"self":[{"href":"https:\/\/ostrowskatv.pl\/index.php?rest_route=\/wp\/v2\/posts\/8105","targetHints":{"allow":["GET"]}}],"collection":[{"href":"https:\/\/ostrowskatv.pl\/index.php?rest_route=\/wp\/v2\/posts"}],"about":[{"href":"https:\/\/ostrowskatv.pl\/index.php?rest_route=\/wp\/v2\/types\/post"}],"author":[{"embeddable":true,"href":"https:\/\/ostrowskatv.pl\/index.php?rest_route=\/wp\/v2\/users\/1"}],"replies":[{"embeddable":true,"href":"https:\/\/ostrowskatv.pl\/index.php?rest_route=%2Fwp%2Fv2%2Fcomments&post=8105"}],"version-history":[{"count":0,"href":"https:\/\/ostrowskatv.pl\/index.php?rest_route=\/wp\/v2\/posts\/8105\/revisions"}],"wp:featuredmedia":[{"embeddable":true,"href":"https:\/\/ostrowskatv.pl\/index.php?rest_route=\/wp\/v2\/media\/8107"}],"wp:attachment":[{"href":"https:\/\/ostrowskatv.pl\/index.php?rest_route=%2Fwp%2Fv2%2Fmedia&parent=8105"}],"wp:term":[{"taxonomy":"category","embeddable":true,"href":"https:\/\/ostrowskatv.pl\/index.php?rest_route=%2Fwp%2Fv2%2Fcategories&post=8105"},{"taxonomy":"post_tag","embeddable":true,"href":"https:\/\/ostrowskatv.pl\/index.php?rest_route=%2Fwp%2Fv2%2Ftags&post=8105"}],"curies":[{"name":"wp","href":"https:\/\/api.w.org\/{rel}","templated":true}]}}