{"id":810,"date":"2016-04-13T21:35:33","date_gmt":"2016-04-13T20:35:33","guid":{"rendered":"http:\/\/ostrowska.tv\/?p=810"},"modified":"2016-04-13T21:35:33","modified_gmt":"2016-04-13T20:35:33","slug":"dwie-kobiety-twierdza-ze-wjechaly-na-zielonym","status":"publish","type":"post","link":"https:\/\/ostrowskatv.pl\/?p=810","title":{"rendered":"Dwie kobiety twierdz\u0105, \u017ce wjecha\u0142y na zielonym"},"content":{"rendered":"<p><strong>W \u015brod\u0119 dosz\u0142o do kolizji na skrzy\u017cowaniu ulic Strzelecka\/Led\u00f3chowskiego w Ostrowie Wlkp. Oko\u0142o godz. 15:30 zderzy\u0142y si\u0119 Renault Scenic i Skoda Citigo. Obydwie kieruj\u0105ce twierdz\u0105, \u017ce wjecha\u0142y na zielonym \u015bwietle. Przy czym kobieta ze Skody twierdzi, \u017ce dopiero co jej si\u0119 zapali\u0142o zielone, a kieruj\u0105ca Renault podkre\u015bla\u0142a, \u017ce stara\u0142a si\u0119 jak najbardziej odbi\u0107 by unikn\u0105\u0107 zderzenia. Renault Scenic jecha\u0142o od centrum ulic\u0105 Led\u00f3chowskiego, a Skoda Citigo jecha\u0142a ulic\u0105 Strzeleck\u0105 w stron\u0119 Grabowskiej.\u00a0<\/strong><\/p>\n<p>\u017badnej z pa\u0144 nic si\u0119 nie sta\u0142o. Skutkiem zderzenia s\u0105 niezupe\u0142nie rozbite auta i pozostaj\u0105ce pytanie &#8211; kto zawini\u0142. Rodzina jednej z uczestniczek prosi o kontakt \u015bwiadk\u00f3w tego zdarzenia: 512-387-748.<\/p>\n<div id='gallery-1' class='gallery galleryid-810 gallery-columns-3 gallery-size-thumbnail'><figure class='gallery-item'>\n\t\t\t<div class='gallery-icon landscape'>\n\t\t\t\t<a href='https:\/\/ostrowskatv.pl\/?attachment_id=811'><img loading=\"lazy\" decoding=\"async\" width=\"150\" height=\"150\" src=\"https:\/\/ostrowskatv.pl\/wp-content\/uploads\/2016\/04\/strzelecka-kolizja1a-150x150.jpg\" class=\"attachment-thumbnail size-thumbnail\" alt=\"\" \/><\/a>\n\t\t\t<\/div><\/figure><figure class='gallery-item'>\n\t\t\t<div class='gallery-icon landscape'>\n\t\t\t\t<a href='https:\/\/ostrowskatv.pl\/?attachment_id=812'><img loading=\"lazy\" decoding=\"async\" width=\"150\" height=\"150\" src=\"https:\/\/ostrowskatv.pl\/wp-content\/uploads\/2016\/04\/strzelecka-kolizja2a-150x150.jpg\" class=\"attachment-thumbnail size-thumbnail\" alt=\"\" \/><\/a>\n\t\t\t<\/div><\/figure><figure class='gallery-item'>\n\t\t\t<div class='gallery-icon landscape'>\n\t\t\t\t<a href='https:\/\/ostrowskatv.pl\/?attachment_id=813'><img loading=\"lazy\" decoding=\"async\" width=\"150\" height=\"150\" src=\"https:\/\/ostrowskatv.pl\/wp-content\/uploads\/2016\/04\/strzelecka-kolizja3a-150x150.jpg\" class=\"attachment-thumbnail size-thumbnail\" alt=\"\" \/><\/a>\n\t\t\t<\/div><\/figure>\n\t\t<\/div>\n\n","protected":false},"excerpt":{"rendered":"W \u015brod\u0119 dosz\u0142o do kolizji na skrzy\u017cowaniu ulic Strzelecka\/Led\u00f3chowskiego w Ostrowie Wlkp. Oko\u0142o godz. 15:30 zderzy\u0142y si\u0119 Renault Scenic i Skoda Citigo. Obydwie \n<a class=\"moretag\" href=\"https:\/\/ostrowskatv.pl\/?p=810\"> [...]<\/a>","protected":false},"author":1,"featured_media":811,"comment_status":"open","ping_status":"open","sticky":false,"template":"","format":"standard","meta":{"footnotes":""},"categories":[1],"tags":[2],"class_list":["post-810","post","type-post","status-publish","format-standard","has-post-thumbnail","hentry","category-news","tag-ostrow-wielkopolski"],"_links":{"self":[{"href":"https:\/\/ostrowskatv.pl\/index.php?rest_route=\/wp\/v2\/posts\/810","targetHints":{"allow":["GET"]}}],"collection":[{"href":"https:\/\/ostrowskatv.pl\/index.php?rest_route=\/wp\/v2\/posts"}],"about":[{"href":"https:\/\/ostrowskatv.pl\/index.php?rest_route=\/wp\/v2\/types\/post"}],"author":[{"embeddable":true,"href":"https:\/\/ostrowskatv.pl\/index.php?rest_route=\/wp\/v2\/users\/1"}],"replies":[{"embeddable":true,"href":"https:\/\/ostrowskatv.pl\/index.php?rest_route=%2Fwp%2Fv2%2Fcomments&post=810"}],"version-history":[{"count":0,"href":"https:\/\/ostrowskatv.pl\/index.php?rest_route=\/wp\/v2\/posts\/810\/revisions"}],"wp:featuredmedia":[{"embeddable":true,"href":"https:\/\/ostrowskatv.pl\/index.php?rest_route=\/wp\/v2\/media\/811"}],"wp:attachment":[{"href":"https:\/\/ostrowskatv.pl\/index.php?rest_route=%2Fwp%2Fv2%2Fmedia&parent=810"}],"wp:term":[{"taxonomy":"category","embeddable":true,"href":"https:\/\/ostrowskatv.pl\/index.php?rest_route=%2Fwp%2Fv2%2Fcategories&post=810"},{"taxonomy":"post_tag","embeddable":true,"href":"https:\/\/ostrowskatv.pl\/index.php?rest_route=%2Fwp%2Fv2%2Ftags&post=810"}],"curies":[{"name":"wp","href":"https:\/\/api.w.org\/{rel}","templated":true}]}}