{"id":8069,"date":"2018-12-26T07:06:57","date_gmt":"2018-12-26T06:06:57","guid":{"rendered":"http:\/\/ostrowska.tv\/?p=8069"},"modified":"2018-12-26T07:06:57","modified_gmt":"2018-12-26T06:06:57","slug":"bmw-z-impetem-uderzylo-w-drzewo-w-srodku-3-mlodych-mezczyzn","status":"publish","type":"post","link":"https:\/\/ostrowskatv.pl\/?p=8069","title":{"rendered":"BMW z impetem uderzy\u0142o w drzewo. W \u015brodku 3 m\u0142odych m\u0119\u017cczyzn"},"content":{"rendered":"<p><strong>W II Dzie\u0144 \u015awi\u0105t Bo\u017cego Narodzenia w miejscowo\u015bci Jask\u00f3\u0142ki dosz\u0142o do gro\u017anego wypadku. Samoch\u00f3d BMW jad\u0105cy od strony Raszkowa w kierunku Ostrowa Wielkopolskiego zjecha\u0142 na lew\u0105 cz\u0119\u015b\u0107 jezdni, zjecha\u0142 z drogi i uderzy\u0142 w przydro\u017cne drzewo. W \u015brodku znajdowa\u0142o si\u0119 trzech m\u0142odych m\u0119\u017cczyzn.<\/strong><\/p>\n<p>Kierowc\u0119 wydobyto na noszach, pasa\u017cer z ty\u0142u z za\u0142o\u017conym ko\u0142nierzem doszed\u0142 do karetki z pomoc\u0105 medyk\u00f3w, a trzeci by\u0142 poturbowany, ale odni\u00f3s\u0142 najmniejsze obra\u017cenia.<\/p>\n<p>Na szcz\u0119\u015bcie BMW na krotoszy\u0144skich tablicach rejestracyjnych uderzy\u0142o przodem w drzewo, a nie bokiem. Wtedy obra\u017cenia os\u00f3b podr\u00f3\u017cuj\u0105cych samochodem najpewniej by\u0142yby \u015bmiertelne. Do wypadku dosz\u0142o w miejscowo\u015bci Jask\u00f3\u0142ki po godzinie 6.00.<\/p>\n<div id='gallery-1' class='gallery galleryid-8069 gallery-columns-3 gallery-size-thumbnail'><figure class='gallery-item'>\n\t\t\t<div class='gallery-icon landscape'>\n\t\t\t\t<a href='https:\/\/ostrowskatv.pl\/?attachment_id=8070'><img loading=\"lazy\" decoding=\"async\" width=\"150\" height=\"150\" src=\"https:\/\/ostrowskatv.pl\/wp-content\/uploads\/2018\/12\/IMG_20181226_062543-150x150.jpg\" class=\"attachment-thumbnail size-thumbnail\" alt=\"\" \/><\/a>\n\t\t\t<\/div><\/figure><figure class='gallery-item'>\n\t\t\t<div class='gallery-icon landscape'>\n\t\t\t\t<a href='https:\/\/ostrowskatv.pl\/?attachment_id=8071'><img loading=\"lazy\" decoding=\"async\" width=\"150\" height=\"150\" src=\"https:\/\/ostrowskatv.pl\/wp-content\/uploads\/2018\/12\/IMG_20181226_062626-150x150.jpg\" class=\"attachment-thumbnail size-thumbnail\" alt=\"\" \/><\/a>\n\t\t\t<\/div><\/figure><figure class='gallery-item'>\n\t\t\t<div class='gallery-icon landscape'>\n\t\t\t\t<a href='https:\/\/ostrowskatv.pl\/?attachment_id=8072'><img loading=\"lazy\" decoding=\"async\" width=\"150\" height=\"150\" src=\"https:\/\/ostrowskatv.pl\/wp-content\/uploads\/2018\/12\/IMG_20181226_062652-150x150.jpg\" class=\"attachment-thumbnail size-thumbnail\" alt=\"\" \/><\/a>\n\t\t\t<\/div><\/figure><figure class='gallery-item'>\n\t\t\t<div class='gallery-icon landscape'>\n\t\t\t\t<a href='https:\/\/ostrowskatv.pl\/?attachment_id=8073'><img loading=\"lazy\" decoding=\"async\" width=\"150\" height=\"150\" src=\"https:\/\/ostrowskatv.pl\/wp-content\/uploads\/2018\/12\/IMG_20181226_062728-150x150.jpg\" class=\"attachment-thumbnail size-thumbnail\" alt=\"\" \/><\/a>\n\t\t\t<\/div><\/figure><figure class='gallery-item'>\n\t\t\t<div class='gallery-icon landscape'>\n\t\t\t\t<a href='https:\/\/ostrowskatv.pl\/?attachment_id=8074'><img loading=\"lazy\" decoding=\"async\" width=\"150\" height=\"150\" src=\"https:\/\/ostrowskatv.pl\/wp-content\/uploads\/2018\/12\/IMG_20181226_062751-150x150.jpg\" class=\"attachment-thumbnail size-thumbnail\" alt=\"\" \/><\/a>\n\t\t\t<\/div><\/figure><figure class='gallery-item'>\n\t\t\t<div class='gallery-icon landscape'>\n\t\t\t\t<a href='https:\/\/ostrowskatv.pl\/?attachment_id=8075'><img loading=\"lazy\" decoding=\"async\" width=\"150\" height=\"150\" src=\"https:\/\/ostrowskatv.pl\/wp-content\/uploads\/2018\/12\/IMG_20181226_062843-150x150.jpg\" class=\"attachment-thumbnail size-thumbnail\" alt=\"\" \/><\/a>\n\t\t\t<\/div><\/figure><figure class='gallery-item'>\n\t\t\t<div class='gallery-icon landscape'>\n\t\t\t\t<a href='https:\/\/ostrowskatv.pl\/?attachment_id=8076'><img loading=\"lazy\" decoding=\"async\" width=\"150\" height=\"150\" src=\"https:\/\/ostrowskatv.pl\/wp-content\/uploads\/2018\/12\/IMG_20181226_062853-150x150.jpg\" class=\"attachment-thumbnail size-thumbnail\" alt=\"\" \/><\/a>\n\t\t\t<\/div><\/figure><figure class='gallery-item'>\n\t\t\t<div class='gallery-icon landscape'>\n\t\t\t\t<a href='https:\/\/ostrowskatv.pl\/?attachment_id=8077'><img loading=\"lazy\" decoding=\"async\" width=\"150\" height=\"150\" src=\"https:\/\/ostrowskatv.pl\/wp-content\/uploads\/2018\/12\/IMG_20181226_062955-150x150.jpg\" class=\"attachment-thumbnail size-thumbnail\" alt=\"\" \/><\/a>\n\t\t\t<\/div><\/figure>\n\t\t<\/div>\n\n","protected":false},"excerpt":{"rendered":"W II Dzie\u0144 \u015awi\u0105t Bo\u017cego Narodzenia w miejscowo\u015bci Jask\u00f3\u0142ki dosz\u0142o do gro\u017anego wypadku. Samoch\u00f3d BMW jad\u0105cy od strony Raszkowa w kierunku Ostrowa Wielkopolskiego \n<a class=\"moretag\" href=\"https:\/\/ostrowskatv.pl\/?p=8069\"> [...]<\/a>","protected":false},"author":1,"featured_media":8072,"comment_status":"open","ping_status":"closed","sticky":false,"template":"","format":"standard","meta":{"footnotes":""},"categories":[1],"tags":[169],"class_list":["post-8069","post","type-post","status-publish","format-standard","has-post-thumbnail","hentry","category-news","tag-jaskolki"],"_links":{"self":[{"href":"https:\/\/ostrowskatv.pl\/index.php?rest_route=\/wp\/v2\/posts\/8069","targetHints":{"allow":["GET"]}}],"collection":[{"href":"https:\/\/ostrowskatv.pl\/index.php?rest_route=\/wp\/v2\/posts"}],"about":[{"href":"https:\/\/ostrowskatv.pl\/index.php?rest_route=\/wp\/v2\/types\/post"}],"author":[{"embeddable":true,"href":"https:\/\/ostrowskatv.pl\/index.php?rest_route=\/wp\/v2\/users\/1"}],"replies":[{"embeddable":true,"href":"https:\/\/ostrowskatv.pl\/index.php?rest_route=%2Fwp%2Fv2%2Fcomments&post=8069"}],"version-history":[{"count":0,"href":"https:\/\/ostrowskatv.pl\/index.php?rest_route=\/wp\/v2\/posts\/8069\/revisions"}],"wp:featuredmedia":[{"embeddable":true,"href":"https:\/\/ostrowskatv.pl\/index.php?rest_route=\/wp\/v2\/media\/8072"}],"wp:attachment":[{"href":"https:\/\/ostrowskatv.pl\/index.php?rest_route=%2Fwp%2Fv2%2Fmedia&parent=8069"}],"wp:term":[{"taxonomy":"category","embeddable":true,"href":"https:\/\/ostrowskatv.pl\/index.php?rest_route=%2Fwp%2Fv2%2Fcategories&post=8069"},{"taxonomy":"post_tag","embeddable":true,"href":"https:\/\/ostrowskatv.pl\/index.php?rest_route=%2Fwp%2Fv2%2Ftags&post=8069"}],"curies":[{"name":"wp","href":"https:\/\/api.w.org\/{rel}","templated":true}]}}