{"id":8059,"date":"2018-12-25T23:28:19","date_gmt":"2018-12-25T22:28:19","guid":{"rendered":"http:\/\/ostrowska.tv\/?p=8059"},"modified":"2018-12-25T23:33:50","modified_gmt":"2018-12-25T22:33:50","slug":"wjechala-peugeotem-na-murek-przy-ii-lo","status":"publish","type":"post","link":"https:\/\/ostrowskatv.pl\/?p=8059","title":{"rendered":"Peugeotem wjecha\u0142a na murek przy II LO"},"content":{"rendered":"<p><strong>\u015awi\u0105tecznego wieczoru nie b\u0119dzie mi\u0142o wspomina\u0107 52-letnia mieszkanka Ostrowa Wielkopolskiego. Jad\u0105c od strony Parku Miejskiego, straci\u0142a panowanie nad autem i wjecha\u0142a na murek. Wcze\u015bniej skosi\u0142a s\u0142upki drogowe. Na szcz\u0119\u015bcie nikt nie szed\u0142 chodnikiem.<\/strong><\/p>\n<p>Na \u0142uku drogi by\u0142o wyra\u017anie \u015blisko. Bardziej ni\u017c na chodniku. Kobieta w Peugeocie mia\u0142a opony w bardzo dobrym stanie. To nie uchroni\u0142o jej przed przykrymi konsekwencjami zdarzenia. A tymi jest konieczno\u015b\u0107 naprawy samochodu, utrata zni\u017cek w ubezpieczeniu OC oraz mandat karny. Kieruj\u0105cej nic si\u0119 nie sta\u0142o.<\/p>\n<p>Na miejsce wezwano stra\u017cak\u00f3w, kt\u00f3rzy pi\u0142\u0105 tarczow\u0105 uci\u0119li uszkodzone s\u0142upki oraz pomogli w uwolnieniu auta z miejsca, w kt\u00f3rym si\u0119 zatrzyma\u0142o.<\/p>\n<div id='gallery-1' class='gallery galleryid-8059 gallery-columns-3 gallery-size-thumbnail'><figure class='gallery-item'>\n\t\t\t<div class='gallery-icon landscape'>\n\t\t\t\t<a href='https:\/\/ostrowskatv.pl\/?attachment_id=8060'><img loading=\"lazy\" decoding=\"async\" width=\"150\" height=\"150\" src=\"https:\/\/ostrowskatv.pl\/wp-content\/uploads\/2018\/12\/IMG_20181225_220139-150x150.jpg\" class=\"attachment-thumbnail size-thumbnail\" alt=\"\" \/><\/a>\n\t\t\t<\/div><\/figure><figure class='gallery-item'>\n\t\t\t<div class='gallery-icon landscape'>\n\t\t\t\t<a href='https:\/\/ostrowskatv.pl\/?attachment_id=8061'><img loading=\"lazy\" decoding=\"async\" width=\"150\" height=\"150\" src=\"https:\/\/ostrowskatv.pl\/wp-content\/uploads\/2018\/12\/IMG_20181225_220804-150x150.jpg\" class=\"attachment-thumbnail size-thumbnail\" alt=\"\" \/><\/a>\n\t\t\t<\/div><\/figure><figure class='gallery-item'>\n\t\t\t<div class='gallery-icon landscape'>\n\t\t\t\t<a href='https:\/\/ostrowskatv.pl\/?attachment_id=8062'><img loading=\"lazy\" decoding=\"async\" width=\"150\" height=\"150\" src=\"https:\/\/ostrowskatv.pl\/wp-content\/uploads\/2018\/12\/IMG_20181225_215721-150x150.jpg\" class=\"attachment-thumbnail size-thumbnail\" alt=\"\" \/><\/a>\n\t\t\t<\/div><\/figure><figure class='gallery-item'>\n\t\t\t<div class='gallery-icon landscape'>\n\t\t\t\t<a href='https:\/\/ostrowskatv.pl\/?attachment_id=8063'><img loading=\"lazy\" decoding=\"async\" width=\"150\" height=\"150\" src=\"https:\/\/ostrowskatv.pl\/wp-content\/uploads\/2018\/12\/IMG_20181225_214219-150x150.jpg\" class=\"attachment-thumbnail size-thumbnail\" alt=\"\" \/><\/a>\n\t\t\t<\/div><\/figure><figure class='gallery-item'>\n\t\t\t<div class='gallery-icon landscape'>\n\t\t\t\t<a href='https:\/\/ostrowskatv.pl\/?attachment_id=8064'><img loading=\"lazy\" decoding=\"async\" width=\"150\" height=\"150\" src=\"https:\/\/ostrowskatv.pl\/wp-content\/uploads\/2018\/12\/IMG_20181225_211834-150x150.jpg\" class=\"attachment-thumbnail size-thumbnail\" alt=\"\" \/><\/a>\n\t\t\t<\/div><\/figure><figure class='gallery-item'>\n\t\t\t<div class='gallery-icon landscape'>\n\t\t\t\t<a href='https:\/\/ostrowskatv.pl\/?attachment_id=8065'><img loading=\"lazy\" decoding=\"async\" width=\"150\" height=\"150\" src=\"https:\/\/ostrowskatv.pl\/wp-content\/uploads\/2018\/12\/IMG_20181225_211550-150x150.jpg\" class=\"attachment-thumbnail size-thumbnail\" alt=\"\" \/><\/a>\n\t\t\t<\/div><\/figure>\n\t\t<\/div>\n\n","protected":false},"excerpt":{"rendered":"\u015awi\u0105tecznego wieczoru nie b\u0119dzie mi\u0142o wspomina\u0107 52-letnia mieszkanka Ostrowa Wielkopolskiego. Jad\u0105c od strony Parku Miejskiego, straci\u0142a panowanie nad autem i wjecha\u0142a na murek. \n<a class=\"moretag\" href=\"https:\/\/ostrowskatv.pl\/?p=8059\"> [...]<\/a>","protected":false},"author":1,"featured_media":8063,"comment_status":"open","ping_status":"closed","sticky":false,"template":"","format":"standard","meta":{"footnotes":""},"categories":[1],"tags":[2],"class_list":["post-8059","post","type-post","status-publish","format-standard","has-post-thumbnail","hentry","category-news","tag-ostrow-wielkopolski"],"_links":{"self":[{"href":"https:\/\/ostrowskatv.pl\/index.php?rest_route=\/wp\/v2\/posts\/8059","targetHints":{"allow":["GET"]}}],"collection":[{"href":"https:\/\/ostrowskatv.pl\/index.php?rest_route=\/wp\/v2\/posts"}],"about":[{"href":"https:\/\/ostrowskatv.pl\/index.php?rest_route=\/wp\/v2\/types\/post"}],"author":[{"embeddable":true,"href":"https:\/\/ostrowskatv.pl\/index.php?rest_route=\/wp\/v2\/users\/1"}],"replies":[{"embeddable":true,"href":"https:\/\/ostrowskatv.pl\/index.php?rest_route=%2Fwp%2Fv2%2Fcomments&post=8059"}],"version-history":[{"count":0,"href":"https:\/\/ostrowskatv.pl\/index.php?rest_route=\/wp\/v2\/posts\/8059\/revisions"}],"wp:featuredmedia":[{"embeddable":true,"href":"https:\/\/ostrowskatv.pl\/index.php?rest_route=\/wp\/v2\/media\/8063"}],"wp:attachment":[{"href":"https:\/\/ostrowskatv.pl\/index.php?rest_route=%2Fwp%2Fv2%2Fmedia&parent=8059"}],"wp:term":[{"taxonomy":"category","embeddable":true,"href":"https:\/\/ostrowskatv.pl\/index.php?rest_route=%2Fwp%2Fv2%2Fcategories&post=8059"},{"taxonomy":"post_tag","embeddable":true,"href":"https:\/\/ostrowskatv.pl\/index.php?rest_route=%2Fwp%2Fv2%2Ftags&post=8059"}],"curies":[{"name":"wp","href":"https:\/\/api.w.org\/{rel}","templated":true}]}}