{"id":802,"date":"2016-04-13T13:51:40","date_gmt":"2016-04-13T12:51:40","guid":{"rendered":"http:\/\/ostrowska.tv\/?p=802"},"modified":"2016-04-13T16:28:39","modified_gmt":"2016-04-13T15:28:39","slug":"masz-ogrod-ta-impreza-jest-dla-ciebie","status":"publish","type":"post","link":"https:\/\/ostrowskatv.pl\/?p=802","title":{"rendered":"Masz ogr\u00f3d? Ta impreza jest dla Ciebie"},"content":{"rendered":"<p><strong>17 kwietnia w Przygodzicach odb\u0119d\u0105 si\u0119 XVII Targi Rolno \u2013 Ogrodnicze. Zjedzie si\u0119 na nie ponad 170 firm z ca\u0142ej Polski. To gratka dla mieszka\u0144c\u00f3w Ostrowa i okolic, kt\u00f3rych pasj\u0105 jest urz\u0105dzanie ogrod\u00f3w.<\/strong><\/p>\n<p>Organizatorami wydarzenia s\u0105 powiat ostrowski, gmina Przygodzice, ZSP CKU w Przygodzicach oraz Stowarzyszenie na Rzecz Promocji i Rozwoju Edukacji Powiatu Ostrowskiego. Ze wst\u0119pnych szacunk\u00f3w wynika, \u017ce przez ca\u0142\u0105 imprez\u0119 przewinie si\u0119 od 5 do 10 tysi\u0119cy os\u00f3b. &#8211; Przygotowali\u015bmy wiele atrakcji. Jedn\u0105 z najwi\u0119kszych, kt\u00f3rej do tej pory nie by\u0142o, b\u0119dzie pokaz stra\u017cacki po\u0142\u0105czony z konkursem wiedzy po\u017carniczej \u2013 wyja\u015bnia Tomasz Guli\u0144ski, dyrektor ZSP CKU w Przygodzicach.<\/p>\n<p>Najwa\u017cniejsza ma by\u0107 jednak mo\u017cliwo\u015b\u0107 zrobienia zakup\u00f3w do ogrodu. A b\u0119dzie z czego wybiera\u0107. Ca\u0142e przedsi\u0119wzi\u0119cie cieszy si\u0119 jeszcze wi\u0119kszym zainteresowaniem ni\u017c w roku ubieg\u0142ym. &#8211; Dwa tygodnie temu musieli\u015bmy ju\u017c zamkn\u0105\u0107 mo\u017cliwo\u015b\u0107 zg\u0142aszania si\u0119 na targi, poniewa\u017c nie mamy ju\u017c wi\u0119cej miejsca \u2013 wyja\u015bnia Guli\u0144ski. &#8211; W tej chwili mamy na targach ponad 170 firm. Dzi\u0119ki uprzejmo\u015bci os\u00f3b prywatnych uda\u0142o nam si\u0119 wygospodarowa\u0107 dodatkowy teren targowy \u2013 dodaje Dariusz Sosi\u0144ski, komisarz Targ\u00f3w Rolno \u2013 Ogrodniczych.<\/p>\n<p>Organizatorzy twierdz\u0105, \u017ce ich targi przesta\u0142y by\u0107 imprez\u0105 powiatow\u0105, bo przyje\u017cd\u017caj\u0105 na ni\u0105 firmy z ca\u0142ej Polski. &#8211; W por\u00f3wnaniu do targ\u00f3w w Poznaniu to w dalszym ci\u0105gu wydarzenie kameralne. Nie mamy zreszt\u0105 aspiracji, \u017ceby r\u00f3wna\u0107 do tego poziomu. Cieszymy si\u0119 jednak, \u017ce uda\u0142o si\u0119 stworzy\u0107 co\u015b, co na sta\u0142e wros\u0142o w schemat tego rodzaju imprez \u2013 dodaje Sosi\u0144ski.<\/p>\n<p>Ca\u0142\u0105 inicjatyw\u0119 popiera tak\u017ce Starosta Powiatu Ostrowskiego, kt\u00f3ry dostrzega w niej dodatkowe korzy\u015bci. &#8211; Ta impreza ma podw\u00f3jne przes\u0142anie. Z jednej strony pokazuje naszych producent\u00f3w, kt\u00f3rzy w zakresie spraw ogrodniczych s\u0105 dominuj\u0105cy na terenie powiatu. Jednocze\u015bnie to promocja szko\u0142y, a szkolnictwo zawodowe jest dla nas bardzo wa\u017cne, co staram si\u0119 podkre\u015bla\u0107 na ka\u017cdym kroku \u2013 przekonuje Pawe\u0142 Rajski.<\/p>\n<p>Pe\u0142ny harmonogram XVII Targ\u00f3w Rolno \u2013 Ogrodniczych prezentujemy poni\u017cej.<\/p>\n<p><img loading=\"lazy\" decoding=\"async\" class=\"alignnone size-full wp-image-805\" src=\"http:\/\/ostrowska.tv\/wp-content\/uploads\/2016\/04\/targi-rolnicze-harmonogram.jpg\" alt=\"targi-rolnicze-harmonogram\" width=\"526\" height=\"409\" srcset=\"https:\/\/ostrowskatv.pl\/wp-content\/uploads\/2016\/04\/targi-rolnicze-harmonogram.jpg 526w, https:\/\/ostrowskatv.pl\/wp-content\/uploads\/2016\/04\/targi-rolnicze-harmonogram-300x233.jpg 300w, https:\/\/ostrowskatv.pl\/wp-content\/uploads\/2016\/04\/targi-rolnicze-harmonogram-463x360.jpg 463w\" sizes=\"auto, (max-width: 526px) 100vw, 526px\" \/><\/p>\n<div style=\"width: 640px;\" class=\"wp-video\"><video class=\"wp-video-shortcode\" id=\"video-802-1\" width=\"640\" height=\"360\" preload=\"metadata\" controls=\"controls\"><source type=\"video\/mp4\" src=\"http:\/\/ostrowska.tv\/wp-content\/uploads\/2016\/04\/targ-zapowiedz.mp4?_=1\" \/><a href=\"http:\/\/ostrowska.tv\/wp-content\/uploads\/2016\/04\/targ-zapowiedz.mp4\">http:\/\/ostrowska.tv\/wp-content\/uploads\/2016\/04\/targ-zapowiedz.mp4<\/a><\/video><\/div>\n","protected":false},"excerpt":{"rendered":"17 kwietnia w Przygodzicach odb\u0119d\u0105 si\u0119 XVII Targi Rolno \u2013 Ogrodnicze. Zjedzie si\u0119 na nie ponad 170 firm z ca\u0142ej Polski. To gratka \n<a class=\"moretag\" href=\"https:\/\/ostrowskatv.pl\/?p=802\"> [...]<\/a>","protected":false},"author":1,"featured_media":0,"comment_status":"open","ping_status":"open","sticky":false,"template":"","format":"standard","meta":{"footnotes":""},"categories":[1],"tags":[27],"class_list":["post-802","post","type-post","status-publish","format-standard","hentry","category-news","tag-przygodzice"],"_links":{"self":[{"href":"https:\/\/ostrowskatv.pl\/index.php?rest_route=\/wp\/v2\/posts\/802","targetHints":{"allow":["GET"]}}],"collection":[{"href":"https:\/\/ostrowskatv.pl\/index.php?rest_route=\/wp\/v2\/posts"}],"about":[{"href":"https:\/\/ostrowskatv.pl\/index.php?rest_route=\/wp\/v2\/types\/post"}],"author":[{"embeddable":true,"href":"https:\/\/ostrowskatv.pl\/index.php?rest_route=\/wp\/v2\/users\/1"}],"replies":[{"embeddable":true,"href":"https:\/\/ostrowskatv.pl\/index.php?rest_route=%2Fwp%2Fv2%2Fcomments&post=802"}],"version-history":[{"count":0,"href":"https:\/\/ostrowskatv.pl\/index.php?rest_route=\/wp\/v2\/posts\/802\/revisions"}],"wp:attachment":[{"href":"https:\/\/ostrowskatv.pl\/index.php?rest_route=%2Fwp%2Fv2%2Fmedia&parent=802"}],"wp:term":[{"taxonomy":"category","embeddable":true,"href":"https:\/\/ostrowskatv.pl\/index.php?rest_route=%2Fwp%2Fv2%2Fcategories&post=802"},{"taxonomy":"post_tag","embeddable":true,"href":"https:\/\/ostrowskatv.pl\/index.php?rest_route=%2Fwp%2Fv2%2Ftags&post=802"}],"curies":[{"name":"wp","href":"https:\/\/api.w.org\/{rel}","templated":true}]}}