{"id":8007,"date":"2018-12-20T20:03:47","date_gmt":"2018-12-20T19:03:47","guid":{"rendered":"http:\/\/ostrowska.tv\/?p=8007"},"modified":"2018-12-20T20:03:47","modified_gmt":"2018-12-20T19:03:47","slug":"dwa-zdarzenia-drogowe-przy-samolocie","status":"publish","type":"post","link":"https:\/\/ostrowskatv.pl\/?p=8007","title":{"rendered":"Dwa zdarzenia drogowe &#8222;przy samolocie&#8221;"},"content":{"rendered":"<p><strong>W kr\u00f3tkim odst\u0119pie czasu dosz\u0142o do dw\u00f3ch zdarze\u0144 drogowych na skrzy\u017cowaniu ulic Raszkowska i Dworcowa w Ostrowie Wielkopolskim. Najpierw mia\u0142a miejsce kolizja z udzia\u0142em 3 aut. Mazda z powiatu ostrzeszowskiego wjecha\u0142a w ty\u0142 Citroena, a ten uderzy\u0142 jeszcze w ty\u0142 Peugeota. Nikt nie zosta\u0142 poszkodowany.<\/strong><\/p>\n<div id='gallery-1' class='gallery galleryid-8007 gallery-columns-3 gallery-size-thumbnail'><figure class='gallery-item'>\n\t\t\t<div class='gallery-icon landscape'>\n\t\t\t\t<a href='https:\/\/ostrowskatv.pl\/?attachment_id=8008'><img loading=\"lazy\" decoding=\"async\" width=\"150\" height=\"150\" src=\"https:\/\/ostrowskatv.pl\/wp-content\/uploads\/2018\/12\/IMG_20181220_190118-150x150.jpg\" class=\"attachment-thumbnail size-thumbnail\" alt=\"\" \/><\/a>\n\t\t\t<\/div><\/figure><figure class='gallery-item'>\n\t\t\t<div class='gallery-icon landscape'>\n\t\t\t\t<a href='https:\/\/ostrowskatv.pl\/?attachment_id=8009'><img loading=\"lazy\" decoding=\"async\" width=\"150\" height=\"150\" src=\"https:\/\/ostrowskatv.pl\/wp-content\/uploads\/2018\/12\/IMG_20181220_185024-150x150.jpg\" class=\"attachment-thumbnail size-thumbnail\" alt=\"\" \/><\/a>\n\t\t\t<\/div><\/figure><figure class='gallery-item'>\n\t\t\t<div class='gallery-icon landscape'>\n\t\t\t\t<a href='https:\/\/ostrowskatv.pl\/?attachment_id=8011'><img loading=\"lazy\" decoding=\"async\" width=\"150\" height=\"150\" src=\"https:\/\/ostrowskatv.pl\/wp-content\/uploads\/2018\/12\/IMG_20181220_184923-150x150.jpg\" class=\"attachment-thumbnail size-thumbnail\" alt=\"\" \/><\/a>\n\t\t\t<\/div><\/figure>\n\t\t<\/div>\n\n<p>Kiedy na miejsce przyby\u0142a drog\u00f3wka, na \u015brodku skrzy\u017cowania zderzy\u0142 si\u0119 Renault Scenic IV oraz Ford Focus, kt\u00f3rym podr\u00f3\u017cowa\u0142o 3 Ukrai\u0144c\u00f3w. Jeden z nich dozna\u0142 rozci\u0119cia na twarzy, ale odm\u00f3wi\u0142 propozycji zszycia rany. Ukrainiec odjecha\u0142 na ko\u0142ach uszkodzonym samochodem po sfinalizowaniu mandatu got\u00f3wkowego. Ford z Ukrai\u0144cami jecha\u0142 od strony Wojska Polskiego i chcia\u0142 skr\u0119ci\u0107 w lewo w ulic\u0119 Dworcow\u0105. Z przeciwka jecha\u0142 Renault. Ukrainiec widz\u0105c, \u017ce auta chc\u0105ce skr\u0119ci\u0107 w Alej\u0119 stoj\u0105, rozpocz\u0105\u0142 manewr skr\u0119tu w lewo. Nie pomy\u015bla\u0142, \u017ce jest czynny drugi pas do jazdy na wprost, kt\u00f3rym to w\u0142a\u015bnie jecha\u0142o Renault.<\/p>\n<div id='gallery-2' class='gallery galleryid-8007 gallery-columns-3 gallery-size-thumbnail'><figure class='gallery-item'>\n\t\t\t<div class='gallery-icon landscape'>\n\t\t\t\t<a href='https:\/\/ostrowskatv.pl\/?attachment_id=8010'><img loading=\"lazy\" decoding=\"async\" width=\"150\" height=\"150\" src=\"https:\/\/ostrowskatv.pl\/wp-content\/uploads\/2018\/12\/IMG_20181220_190203-150x150.jpg\" class=\"attachment-thumbnail size-thumbnail\" alt=\"\" \/><\/a>\n\t\t\t<\/div><\/figure><figure class='gallery-item'>\n\t\t\t<div class='gallery-icon landscape'>\n\t\t\t\t<a href='https:\/\/ostrowskatv.pl\/?attachment_id=8014'><img loading=\"lazy\" decoding=\"async\" width=\"150\" height=\"150\" src=\"https:\/\/ostrowskatv.pl\/wp-content\/uploads\/2018\/12\/IMG_20181220_184525-150x150.jpg\" class=\"attachment-thumbnail size-thumbnail\" alt=\"\" \/><\/a>\n\t\t\t<\/div><\/figure><figure class='gallery-item'>\n\t\t\t<div class='gallery-icon landscape'>\n\t\t\t\t<a href='https:\/\/ostrowskatv.pl\/?attachment_id=8013'><img loading=\"lazy\" decoding=\"async\" width=\"150\" height=\"150\" src=\"https:\/\/ostrowskatv.pl\/wp-content\/uploads\/2018\/12\/IMG_20181220_184538-150x150.jpg\" class=\"attachment-thumbnail size-thumbnail\" alt=\"\" \/><\/a>\n\t\t\t<\/div><\/figure><figure class='gallery-item'>\n\t\t\t<div class='gallery-icon landscape'>\n\t\t\t\t<a href='https:\/\/ostrowskatv.pl\/?attachment_id=8012'><img loading=\"lazy\" decoding=\"async\" width=\"150\" height=\"150\" src=\"https:\/\/ostrowskatv.pl\/wp-content\/uploads\/2018\/12\/IMG_20181220_184600-150x150.jpg\" class=\"attachment-thumbnail size-thumbnail\" alt=\"\" \/><\/a>\n\t\t\t<\/div><\/figure>\n\t\t<\/div>\n\n","protected":false},"excerpt":{"rendered":"W kr\u00f3tkim odst\u0119pie czasu dosz\u0142o do dw\u00f3ch zdarze\u0144 drogowych na skrzy\u017cowaniu ulic Raszkowska i Dworcowa w Ostrowie Wielkopolskim. Najpierw mia\u0142a miejsce kolizja z \n<a class=\"moretag\" href=\"https:\/\/ostrowskatv.pl\/?p=8007\"> [...]<\/a>","protected":false},"author":1,"featured_media":8010,"comment_status":"open","ping_status":"closed","sticky":false,"template":"","format":"standard","meta":{"footnotes":""},"categories":[1],"tags":[2],"class_list":["post-8007","post","type-post","status-publish","format-standard","has-post-thumbnail","hentry","category-news","tag-ostrow-wielkopolski"],"_links":{"self":[{"href":"https:\/\/ostrowskatv.pl\/index.php?rest_route=\/wp\/v2\/posts\/8007","targetHints":{"allow":["GET"]}}],"collection":[{"href":"https:\/\/ostrowskatv.pl\/index.php?rest_route=\/wp\/v2\/posts"}],"about":[{"href":"https:\/\/ostrowskatv.pl\/index.php?rest_route=\/wp\/v2\/types\/post"}],"author":[{"embeddable":true,"href":"https:\/\/ostrowskatv.pl\/index.php?rest_route=\/wp\/v2\/users\/1"}],"replies":[{"embeddable":true,"href":"https:\/\/ostrowskatv.pl\/index.php?rest_route=%2Fwp%2Fv2%2Fcomments&post=8007"}],"version-history":[{"count":0,"href":"https:\/\/ostrowskatv.pl\/index.php?rest_route=\/wp\/v2\/posts\/8007\/revisions"}],"wp:featuredmedia":[{"embeddable":true,"href":"https:\/\/ostrowskatv.pl\/index.php?rest_route=\/wp\/v2\/media\/8010"}],"wp:attachment":[{"href":"https:\/\/ostrowskatv.pl\/index.php?rest_route=%2Fwp%2Fv2%2Fmedia&parent=8007"}],"wp:term":[{"taxonomy":"category","embeddable":true,"href":"https:\/\/ostrowskatv.pl\/index.php?rest_route=%2Fwp%2Fv2%2Fcategories&post=8007"},{"taxonomy":"post_tag","embeddable":true,"href":"https:\/\/ostrowskatv.pl\/index.php?rest_route=%2Fwp%2Fv2%2Ftags&post=8007"}],"curies":[{"name":"wp","href":"https:\/\/api.w.org\/{rel}","templated":true}]}}