{"id":80,"date":"2015-12-29T14:20:32","date_gmt":"2015-12-29T13:20:32","guid":{"rendered":"http:\/\/ostrowska.tv\/?p=80"},"modified":"2015-12-29T14:20:32","modified_gmt":"2015-12-29T13:20:32","slug":"sprawdz-przez-kogo-nie-pojedzie-u-nas-sparta-wroclaw","status":"publish","type":"post","link":"https:\/\/ostrowskatv.pl\/?p=80","title":{"rendered":"Sprawd\u017a przez kogo nie pojedzie u nas Sparta Wroc\u0142aw"},"content":{"rendered":"<p><strong>Klub \u017cu\u017clowy z Wroc\u0142awia we wtorek podpisa\u0142 oficjalnie umow\u0119 z PS\u017b Pozna\u0144 i miastem Pozna\u0144. Ekstraliga trafi zatem do stolicy Wielkopolski, mimo \u017ce by\u0142a szansa, by mecze najlepszej ligi \u015bwiata odbywa\u0142y si\u0119 w Ostrowie Wielkopolskim. Kto ponosi za to odpowiedzialno\u015b\u0107?<\/strong><\/p>\n<p>&#8211;<em> Dzi\u0119kujemy w\u0142adzom Poznania oraz Pozna\u0144skiemu Stowarzyszeniu \u017bu\u017cla za deklaracje stworzenia naszej dru\u017cynie optymalnych warunk\u00f3w do trenowania i organizacji mecz\u00f3w. Widz\u0105c zaanga\u017cowanie z ich strony jestem przekonana, \u017ce w 2016 roku b\u0119dziemy ogl\u0105da\u0107 na pozna\u0144skim Gol\u0119cinie niesamowite widowiska<\/em> \u2013 t\u0142umaczy <strong>Krystyna Kloc ze Sparty<\/strong> (wypowied\u017a pochodzi z oficjalnego fanpage`a pozna\u0144skiego klubu na Facebooku). \u2013 <em>Kilka miesi\u0119cy szukali\u015bmy dla siebie miejsca i znale\u017ali\u015bmy je w\u0142a\u015bnie w Poznaniu<\/em> \u2013 dodaje <strong>Kloc<\/strong>.<\/p>\n<p>Przypomnijmy, \u017ce rozmowy ze Spart\u0105 prowadzi\u0142y tak\u017ce w\u0142adze Ostrowa. Toczy\u0142y si\u0119 one przez kilka tygodni. Optymistk\u0105 by\u0142a prezydent naszego miasta <strong>Beata Klimek<\/strong>. Niestety, Ekstraliga nie zago\u015bci na Stadionie Miejskim.<\/p>\n<p>Dzia\u0142acze wroc\u0142awskiej Sparty o motywach swojej decyzji poinformowali na wtorkowej konferencji prasowej. W imieniu klubu wypowiada\u0142 si\u0119<strong> Andrzej Rusko<\/strong>. Podkre\u015bli\u0142, \u017ce Ostr\u00f3w by\u0142 bardzo powa\u017cnie brany pod uwag\u0119 i doceni\u0142 starania w\u0142adz miasta na czele z prezydent<strong> Beat\u0105 Klimek<\/strong>.<strong> Rusko<\/strong> wyja\u015bni\u0142 w rozmowie z portalem WP SportoweFakty, \u017ce do podpisania umowy nie dosz\u0142o ze wzgl\u0119du &#8222;niech\u0119\u0107 i roszczeniow\u0105 postaw\u0119&#8221; przedstawicieli ostrowskiego klubu \u017cu\u017clowego (stowarzyszenia).<\/p>\n<p>Ostr\u00f3w straci\u0142 zatem szanse na Ekstralig\u0119. Co dalej z \u017cu\u017clem w naszym mie\u015bcie? Wi\u0119cej mo\u017cemy dowiedzie\u0107 si\u0119 ju\u017c we wtorek. W tej chwili trwa bowiem spotkanie prezes\u00f3w klub\u00f3w z ni\u017cszych klas rozgrywkowych. Poruszonych zostanie na nim kilka w\u0105tk\u00f3w. Jednym z nich b\u0119dzie temat \u0142\u0105czenia pierwszej i drugiej ligi. Wszystko wskazuje na to, \u017ce w\u0142adze polskiego \u017cu\u017cla zdecyduj\u0105 si\u0119 na taki ruch. Ma powsta\u0107 jedna liga podzielona na dwie grupy. Takie rozwi\u0105zanie ju\u017c nied\u0142ugo ma zatwierdzi\u0107 Polski Zwi\u0105zek Motorowy. Poza tym, by\u0107 mo\u017ce prezesi zabior\u0105 g\u0142os w sprawie dopuszczania do rozgrywek \u017bKS Ostrovii. Przypomnijmy, \u017ce o licencj\u0119 dla tego klubu zabiega by\u0142y prezes <strong>Miros\u0142aw Wodniczak<\/strong>.<\/p>\n<p>GKS\u017b jest w tej sprawie otwarta, chce rozmawia\u0107 z ostrowianami, ale wa\u017cne b\u0119dzie zdanie dzia\u0142aczy innych klub\u00f3w. Z ca\u0142\u0105 pewno\u015bci\u0105 jednym z przeciwnik\u00f3w b\u0119dzie szef \u0142\u00f3dzkiego Or\u0142a <strong>Witold Skrzydlewski<\/strong>, kt\u00f3ry od kilku tygodni jest wyra\u017anie zdegustowany przebiegiem procesu licencyjnego w polskim \u017cu\u017clu.<\/p>\n<p>Wi\u0119cej informacji wkr\u00f3tce.<\/p>\n","protected":false},"excerpt":{"rendered":"Klub \u017cu\u017clowy z Wroc\u0142awia we wtorek podpisa\u0142 oficjalnie umow\u0119 z PS\u017b Pozna\u0144 i miastem Pozna\u0144. Ekstraliga trafi zatem do stolicy Wielkopolski, mimo \u017ce \n<a class=\"moretag\" href=\"https:\/\/ostrowskatv.pl\/?p=80\"> [...]<\/a>","protected":false},"author":1,"featured_media":5,"comment_status":"open","ping_status":"open","sticky":false,"template":"","format":"standard","meta":{"footnotes":""},"categories":[1],"tags":[2,8],"class_list":["post-80","post","type-post","status-publish","format-standard","has-post-thumbnail","hentry","category-news","tag-ostrow-wielkopolski","tag-zuzel"],"_links":{"self":[{"href":"https:\/\/ostrowskatv.pl\/index.php?rest_route=\/wp\/v2\/posts\/80","targetHints":{"allow":["GET"]}}],"collection":[{"href":"https:\/\/ostrowskatv.pl\/index.php?rest_route=\/wp\/v2\/posts"}],"about":[{"href":"https:\/\/ostrowskatv.pl\/index.php?rest_route=\/wp\/v2\/types\/post"}],"author":[{"embeddable":true,"href":"https:\/\/ostrowskatv.pl\/index.php?rest_route=\/wp\/v2\/users\/1"}],"replies":[{"embeddable":true,"href":"https:\/\/ostrowskatv.pl\/index.php?rest_route=%2Fwp%2Fv2%2Fcomments&post=80"}],"version-history":[{"count":0,"href":"https:\/\/ostrowskatv.pl\/index.php?rest_route=\/wp\/v2\/posts\/80\/revisions"}],"wp:featuredmedia":[{"embeddable":true,"href":"https:\/\/ostrowskatv.pl\/index.php?rest_route=\/wp\/v2\/media\/5"}],"wp:attachment":[{"href":"https:\/\/ostrowskatv.pl\/index.php?rest_route=%2Fwp%2Fv2%2Fmedia&parent=80"}],"wp:term":[{"taxonomy":"category","embeddable":true,"href":"https:\/\/ostrowskatv.pl\/index.php?rest_route=%2Fwp%2Fv2%2Fcategories&post=80"},{"taxonomy":"post_tag","embeddable":true,"href":"https:\/\/ostrowskatv.pl\/index.php?rest_route=%2Fwp%2Fv2%2Ftags&post=80"}],"curies":[{"name":"wp","href":"https:\/\/api.w.org\/{rel}","templated":true}]}}