{"id":7996,"date":"2018-12-19T19:31:42","date_gmt":"2018-12-19T18:31:42","guid":{"rendered":"http:\/\/ostrowska.tv\/?p=7996"},"modified":"2018-12-19T19:31:42","modified_gmt":"2018-12-19T18:31:42","slug":"potracona-rowerzystka-na-skorupki-i-sowinskiego","status":"publish","type":"post","link":"https:\/\/ostrowskatv.pl\/?p=7996","title":{"rendered":"Potr\u0105cona rowerzystka na Skorupki i Sowi\u0144skiego"},"content":{"rendered":"<p><strong>Kierowca w s\u0119dziwym wieku pomyli\u0142 pierwsze\u0144stwo przejazdu i uderzy\u0142 w prawid\u0142owo jad\u0105c\u0105 rowerzystk\u0119. Do zdarzenia dosz\u0142o na skrzy\u017cowaniu ulic Skorupki i Sowi\u0144skiego. M\u0119\u017cczyzna kieruj\u0105c Lanci\u0105 wyjecha\u0142 na STOP-ie i uderzy\u0142 rowerzystk\u0119. Ta upadaj\u0105c dozna\u0142a st\u0142uczenia g\u0142owy, szyi i barku. Wed\u0142ug \u015bwiadka mia\u0142a zakrwawion\u0105 twarz. Rowerzystka po potr\u0105ceniu musn\u0119\u0142a samoch\u00f3d jad\u0105cy drugim pasem.<\/strong><\/p>\n<p><img loading=\"lazy\" decoding=\"async\" class=\"alignnone size-full wp-image-7997\" src=\"http:\/\/ostrowska.tv\/wp-content\/uploads\/2018\/12\/IMG_20181219_145124.jpg\" alt=\"\" width=\"1024\" height=\"512\" srcset=\"https:\/\/ostrowskatv.pl\/wp-content\/uploads\/2018\/12\/IMG_20181219_145124.jpg 1024w, https:\/\/ostrowskatv.pl\/wp-content\/uploads\/2018\/12\/IMG_20181219_145124-300x150.jpg 300w, https:\/\/ostrowskatv.pl\/wp-content\/uploads\/2018\/12\/IMG_20181219_145124-640x320.jpg 640w\" sizes=\"auto, (max-width: 1024px) 100vw, 1024px\" \/><\/p>\n","protected":false},"excerpt":{"rendered":"Kierowca w s\u0119dziwym wieku pomyli\u0142 pierwsze\u0144stwo przejazdu i uderzy\u0142 w prawid\u0142owo jad\u0105c\u0105 rowerzystk\u0119. Do zdarzenia dosz\u0142o na skrzy\u017cowaniu ulic Skorupki i Sowi\u0144skiego. M\u0119\u017cczyzna \n<a class=\"moretag\" href=\"https:\/\/ostrowskatv.pl\/?p=7996\"> [...]<\/a>","protected":false},"author":1,"featured_media":7998,"comment_status":"open","ping_status":"closed","sticky":false,"template":"","format":"standard","meta":{"footnotes":""},"categories":[1],"tags":[2],"class_list":["post-7996","post","type-post","status-publish","format-standard","has-post-thumbnail","hentry","category-news","tag-ostrow-wielkopolski"],"_links":{"self":[{"href":"https:\/\/ostrowskatv.pl\/index.php?rest_route=\/wp\/v2\/posts\/7996","targetHints":{"allow":["GET"]}}],"collection":[{"href":"https:\/\/ostrowskatv.pl\/index.php?rest_route=\/wp\/v2\/posts"}],"about":[{"href":"https:\/\/ostrowskatv.pl\/index.php?rest_route=\/wp\/v2\/types\/post"}],"author":[{"embeddable":true,"href":"https:\/\/ostrowskatv.pl\/index.php?rest_route=\/wp\/v2\/users\/1"}],"replies":[{"embeddable":true,"href":"https:\/\/ostrowskatv.pl\/index.php?rest_route=%2Fwp%2Fv2%2Fcomments&post=7996"}],"version-history":[{"count":0,"href":"https:\/\/ostrowskatv.pl\/index.php?rest_route=\/wp\/v2\/posts\/7996\/revisions"}],"wp:featuredmedia":[{"embeddable":true,"href":"https:\/\/ostrowskatv.pl\/index.php?rest_route=\/wp\/v2\/media\/7998"}],"wp:attachment":[{"href":"https:\/\/ostrowskatv.pl\/index.php?rest_route=%2Fwp%2Fv2%2Fmedia&parent=7996"}],"wp:term":[{"taxonomy":"category","embeddable":true,"href":"https:\/\/ostrowskatv.pl\/index.php?rest_route=%2Fwp%2Fv2%2Fcategories&post=7996"},{"taxonomy":"post_tag","embeddable":true,"href":"https:\/\/ostrowskatv.pl\/index.php?rest_route=%2Fwp%2Fv2%2Ftags&post=7996"}],"curies":[{"name":"wp","href":"https:\/\/api.w.org\/{rel}","templated":true}]}}