{"id":7993,"date":"2018-12-18T21:35:13","date_gmt":"2018-12-18T20:35:13","guid":{"rendered":"http:\/\/ostrowska.tv\/?p=7993"},"modified":"2018-12-18T21:35:13","modified_gmt":"2018-12-18T20:35:13","slug":"potracony-mezczyzna-na-wroclawskiej","status":"publish","type":"post","link":"https:\/\/ostrowskatv.pl\/?p=7993","title":{"rendered":"Potr\u0105cony m\u0119\u017cczyzna na Wroc\u0142awskiej"},"content":{"rendered":"<p><strong>Po godzinie 16.00 dosz\u0142o do potr\u0105cenia m\u0119\u017cczyzny na przej\u015bciu dla pieszych przy ul. Wroc\u0142awskiej (na wysoko\u015bci sp\u00f3\u0142dzielni mleczarskiej). Sprawca potr\u0105cenia porusza\u0142 si\u0119 samochodem marki Opel Corsa. Poszkodowanego zabrano do szpitala z urazem barku.<\/strong><\/p>\n<p>{openx:1}<\/p>\n","protected":false},"excerpt":{"rendered":"Po godzinie 16.00 dosz\u0142o do potr\u0105cenia m\u0119\u017cczyzny na przej\u015bciu dla pieszych przy ul. Wroc\u0142awskiej (na wysoko\u015bci sp\u00f3\u0142dzielni mleczarskiej). Sprawca potr\u0105cenia porusza\u0142 si\u0119 samochodem \n<a class=\"moretag\" href=\"https:\/\/ostrowskatv.pl\/?p=7993\"> [...]<\/a>","protected":false},"author":1,"featured_media":7994,"comment_status":"open","ping_status":"closed","sticky":false,"template":"","format":"standard","meta":{"footnotes":""},"categories":[1],"tags":[2],"class_list":["post-7993","post","type-post","status-publish","format-standard","has-post-thumbnail","hentry","category-news","tag-ostrow-wielkopolski"],"_links":{"self":[{"href":"https:\/\/ostrowskatv.pl\/index.php?rest_route=\/wp\/v2\/posts\/7993","targetHints":{"allow":["GET"]}}],"collection":[{"href":"https:\/\/ostrowskatv.pl\/index.php?rest_route=\/wp\/v2\/posts"}],"about":[{"href":"https:\/\/ostrowskatv.pl\/index.php?rest_route=\/wp\/v2\/types\/post"}],"author":[{"embeddable":true,"href":"https:\/\/ostrowskatv.pl\/index.php?rest_route=\/wp\/v2\/users\/1"}],"replies":[{"embeddable":true,"href":"https:\/\/ostrowskatv.pl\/index.php?rest_route=%2Fwp%2Fv2%2Fcomments&post=7993"}],"version-history":[{"count":0,"href":"https:\/\/ostrowskatv.pl\/index.php?rest_route=\/wp\/v2\/posts\/7993\/revisions"}],"wp:featuredmedia":[{"embeddable":true,"href":"https:\/\/ostrowskatv.pl\/index.php?rest_route=\/wp\/v2\/media\/7994"}],"wp:attachment":[{"href":"https:\/\/ostrowskatv.pl\/index.php?rest_route=%2Fwp%2Fv2%2Fmedia&parent=7993"}],"wp:term":[{"taxonomy":"category","embeddable":true,"href":"https:\/\/ostrowskatv.pl\/index.php?rest_route=%2Fwp%2Fv2%2Fcategories&post=7993"},{"taxonomy":"post_tag","embeddable":true,"href":"https:\/\/ostrowskatv.pl\/index.php?rest_route=%2Fwp%2Fv2%2Ftags&post=7993"}],"curies":[{"name":"wp","href":"https:\/\/api.w.org\/{rel}","templated":true}]}}