{"id":7983,"date":"2018-12-17T18:37:28","date_gmt":"2018-12-17T17:37:28","guid":{"rendered":"http:\/\/ostrowska.tv\/?p=7983"},"modified":"2018-12-17T18:37:28","modified_gmt":"2018-12-17T17:37:28","slug":"patryk-vega-nagrywa-film-o-siostrach-pingwinach","status":"publish","type":"post","link":"https:\/\/ostrowskatv.pl\/?p=7983","title":{"rendered":"Patryk Vega nagrywa film o siostrach &#8222;pingwinach&#8221;"},"content":{"rendered":"<p><strong>Patryk Vega zawita\u0142 w Domu Ch\u0142opak\u00f3w w Broniszewicach k. Pleszewa. Nagrywa tam film dokumentalny o siostrach zakonnych, kt\u00f3re zas\u0142yn\u0119\u0142y filmikiem, na kt\u00f3rym chodz\u0105 jak pingwiny. Ekipa filmowa rejestruje codzienn\u0105 prac\u0119 si\u00f3str wobec podopiecznych ch\u0142opc\u00f3w.<\/strong><\/p>\n<div><span class=\"gwp6023e3d9_font\">Siostra Eliza m\u00f3wi, \u017ce ka\u017cde zainteresowanie domem, ch\u0142opakami jest bardzo wa\u017cne, bo one w ten spos\u00f3b udzielaj\u0105 im g\u0142osu.<\/span><\/div>\n<div><\/div>\n<blockquote>\n<div><span class=\"gwp6023e3d9_font\">&#8211; Oni mog\u0105 przem\u00f3wi\u0107, maj\u0105 swoje 5 minut. Nie obejrza\u0142am wszystkich film\u00f3w Patryka Vegi, tylko bardzo niewiele. Na pewno jest to kino akcji. Ciesz\u0119 si\u0119, bo je\u017celi Patryk jest cz\u0142owiekiem akcji, lubi\u0105cym akcj\u0119, to te\u017c poka\u017ce, \u017ce w takich domach jak ten, te\u017c si\u0119 dzieje akcja i nie jest to monotonia, nie jest to smutek, ale \u017cycie i to takie na pe\u0142nej petardzie.\u00a0<\/span><span class=\"gwp6023e3d9_font\">Rzeczywi\u015bcie Patryk jest taki bardzo wymagaj\u0105cy, bo dzia\u0142amy, akcja po akcji. Nie ma odpoczynku na przerw\u0119, na kaw\u0119 i to jest no fajne no fajne.\u00a0 Nie mo\u017ce by\u0107 za du\u017co powt\u00f3rek, bo tak naprawd\u0119 ch\u0142opcy Oni s\u0105 tak spontaniczni i \u017ce drugi raz to ju\u017c nie powt\u00f3rz\u0105. Chcemy,<\/span><span class=\"gwp6023e3d9_font\"> \u017ceby ludzie jak najszerzej mogli zobaczy\u0107 \u015bwiat ch\u0142opak\u00f3w, bo ich \u015bwiat jest niewidoczny i \u017ceby zobaczyli \u017ce te osoby maj\u0105 pasj\u0119, marzenia, nastroje i \u017ce s\u0105 tak bardzo normalnymi lud\u017ami, a przy tym takimi niezwyk\u0142ymi, bo maj\u0105 niesamowit\u0105 wra\u017cliwo\u015b\u0107. S\u0105 prawdziwi. Zawsze. Niczego nigdy nie udaj\u0105 nikogo, nie udaj\u0105. Chc\u0105 d\u0105\u017cy\u0107 do jakich\u015b idea\u0142\u00f3w, s\u0105 sob\u0105 zawsze i to jest chyba takie najcenniejsze i tego si\u0119 te\u017c przy nich uczymy.<\/span><\/div>\n<\/blockquote>\n<div><\/div>\n<div><span class=\"gwp6023e3d9_font\">Patryk Vega rozpocz\u0105\u0142 swoj\u0105 pomoc o przekazania 100 tysi\u0119cy z\u0142otych za po\u015brednictwem w\u0142asnej fundacji. Nast\u0119pnie postanowi\u0142 pokaza\u0107 \u017cycie si\u00f3str i ich podopiecznych.<\/span><\/div>\n<div><\/div>\n<blockquote>\n<div><span class=\"gwp6023e3d9_font\">&#8211; To co jest fajne przy dokumencie to to, \u017ce ja nie mam tutaj scenariusza. Nie musz\u0119 przyje\u017cd\u017ca\u0107 z za\u0142o\u017con\u0105 tez\u0105 z jakim\u015b sztucznym pomys\u0142em, tylko jestem pokorny, totalnie otwarty na t\u0105 rzeczywisto\u015b\u0107. Przygl\u0105dam si\u0119 jej, ucz\u0105c si\u0119 wszystkiego co si\u0119 tutaj dzieje i tak naprawd\u0119 historia tego filmu wy\u0142oni si\u0119 sama, ale ja bym chcia\u0142, \u017ceby to by\u0142 film, kt\u00f3ry b\u0119dzie mia\u0142 taki Power jak &#8222;Nietykalni&#8221;, kt\u00f3rzy byli w kinach i moim celem jest to, \u017ceby ludzie po zobaczeniu tego filmu zarazili si\u0119 t\u0105 ch\u0119ci\u0105 niesienia pomocy innym.<\/span><\/div>\n<\/blockquote>\n<div>W o\u015brodku, na kt\u00f3ry zebrano miliony od darczy\u0144c\u00f3w, przebywa oko\u0142o 50 podopiecznych z r\u00f3\u017cnym stopniem niepe\u0142nosprawno\u015bci.<\/div>\n<div><\/div>\n<div>\n<div id='gallery-1' class='gallery galleryid-7983 gallery-columns-3 gallery-size-thumbnail'><figure class='gallery-item'>\n\t\t\t<div class='gallery-icon landscape'>\n\t\t\t\t<a href='https:\/\/ostrowskatv.pl\/?attachment_id=7984'><img loading=\"lazy\" decoding=\"async\" width=\"150\" height=\"150\" src=\"https:\/\/ostrowskatv.pl\/wp-content\/uploads\/2018\/12\/vega-8-150x150.jpg\" class=\"attachment-thumbnail size-thumbnail\" alt=\"\" \/><\/a>\n\t\t\t<\/div><\/figure><figure class='gallery-item'>\n\t\t\t<div class='gallery-icon landscape'>\n\t\t\t\t<a href='https:\/\/ostrowskatv.pl\/?attachment_id=7985'><img loading=\"lazy\" decoding=\"async\" width=\"150\" height=\"150\" src=\"https:\/\/ostrowskatv.pl\/wp-content\/uploads\/2018\/12\/vega-7-150x150.jpg\" class=\"attachment-thumbnail size-thumbnail\" alt=\"\" \/><\/a>\n\t\t\t<\/div><\/figure><figure class='gallery-item'>\n\t\t\t<div class='gallery-icon landscape'>\n\t\t\t\t<a href='https:\/\/ostrowskatv.pl\/?attachment_id=7986'><img loading=\"lazy\" decoding=\"async\" width=\"150\" height=\"150\" src=\"https:\/\/ostrowskatv.pl\/wp-content\/uploads\/2018\/12\/vega-5-150x150.jpg\" class=\"attachment-thumbnail size-thumbnail\" alt=\"\" \/><\/a>\n\t\t\t<\/div><\/figure><figure class='gallery-item'>\n\t\t\t<div class='gallery-icon landscape'>\n\t\t\t\t<a href='https:\/\/ostrowskatv.pl\/?attachment_id=7987'><img loading=\"lazy\" decoding=\"async\" width=\"150\" height=\"150\" src=\"https:\/\/ostrowskatv.pl\/wp-content\/uploads\/2018\/12\/vega-4-150x150.jpg\" class=\"attachment-thumbnail size-thumbnail\" alt=\"\" \/><\/a>\n\t\t\t<\/div><\/figure><figure class='gallery-item'>\n\t\t\t<div class='gallery-icon landscape'>\n\t\t\t\t<a href='https:\/\/ostrowskatv.pl\/?attachment_id=7988'><img loading=\"lazy\" decoding=\"async\" width=\"150\" height=\"150\" src=\"https:\/\/ostrowskatv.pl\/wp-content\/uploads\/2018\/12\/vega-3-150x150.jpg\" class=\"attachment-thumbnail size-thumbnail\" alt=\"\" \/><\/a>\n\t\t\t<\/div><\/figure><figure class='gallery-item'>\n\t\t\t<div class='gallery-icon landscape'>\n\t\t\t\t<a href='https:\/\/ostrowskatv.pl\/?attachment_id=7989'><img loading=\"lazy\" decoding=\"async\" width=\"150\" height=\"150\" src=\"https:\/\/ostrowskatv.pl\/wp-content\/uploads\/2018\/12\/vega-2-150x150.jpg\" class=\"attachment-thumbnail size-thumbnail\" alt=\"\" \/><\/a>\n\t\t\t<\/div><\/figure><figure class='gallery-item'>\n\t\t\t<div class='gallery-icon landscape'>\n\t\t\t\t<a href='https:\/\/ostrowskatv.pl\/?attachment_id=7990'><img loading=\"lazy\" decoding=\"async\" width=\"150\" height=\"150\" src=\"https:\/\/ostrowskatv.pl\/wp-content\/uploads\/2018\/12\/vega-150x150.jpg\" class=\"attachment-thumbnail size-thumbnail\" alt=\"\" \/><\/a>\n\t\t\t<\/div><\/figure>\n\t\t<\/div>\n\n<\/div>\n","protected":false},"excerpt":{"rendered":"Patryk Vega zawita\u0142 w Domu Ch\u0142opak\u00f3w w Broniszewicach k. Pleszewa. Nagrywa tam film dokumentalny o siostrach zakonnych, kt\u00f3re zas\u0142yn\u0119\u0142y filmikiem, na kt\u00f3rym chodz\u0105 \n<a class=\"moretag\" href=\"https:\/\/ostrowskatv.pl\/?p=7983\"> [...]<\/a>","protected":false},"author":1,"featured_media":7990,"comment_status":"open","ping_status":"closed","sticky":false,"template":"","format":"standard","meta":{"footnotes":""},"categories":[1],"tags":[130],"class_list":["post-7983","post","type-post","status-publish","format-standard","has-post-thumbnail","hentry","category-news","tag-powiat-pleszewski"],"_links":{"self":[{"href":"https:\/\/ostrowskatv.pl\/index.php?rest_route=\/wp\/v2\/posts\/7983","targetHints":{"allow":["GET"]}}],"collection":[{"href":"https:\/\/ostrowskatv.pl\/index.php?rest_route=\/wp\/v2\/posts"}],"about":[{"href":"https:\/\/ostrowskatv.pl\/index.php?rest_route=\/wp\/v2\/types\/post"}],"author":[{"embeddable":true,"href":"https:\/\/ostrowskatv.pl\/index.php?rest_route=\/wp\/v2\/users\/1"}],"replies":[{"embeddable":true,"href":"https:\/\/ostrowskatv.pl\/index.php?rest_route=%2Fwp%2Fv2%2Fcomments&post=7983"}],"version-history":[{"count":0,"href":"https:\/\/ostrowskatv.pl\/index.php?rest_route=\/wp\/v2\/posts\/7983\/revisions"}],"wp:featuredmedia":[{"embeddable":true,"href":"https:\/\/ostrowskatv.pl\/index.php?rest_route=\/wp\/v2\/media\/7990"}],"wp:attachment":[{"href":"https:\/\/ostrowskatv.pl\/index.php?rest_route=%2Fwp%2Fv2%2Fmedia&parent=7983"}],"wp:term":[{"taxonomy":"category","embeddable":true,"href":"https:\/\/ostrowskatv.pl\/index.php?rest_route=%2Fwp%2Fv2%2Fcategories&post=7983"},{"taxonomy":"post_tag","embeddable":true,"href":"https:\/\/ostrowskatv.pl\/index.php?rest_route=%2Fwp%2Fv2%2Ftags&post=7983"}],"curies":[{"name":"wp","href":"https:\/\/api.w.org\/{rel}","templated":true}]}}