{"id":7977,"date":"2018-12-17T16:35:10","date_gmt":"2018-12-17T15:35:10","guid":{"rendered":"http:\/\/ostrowska.tv\/?p=7977"},"modified":"2018-12-17T16:35:10","modified_gmt":"2018-12-17T15:35:10","slug":"przyjechala-odebrac-niepelnosprawne-dziecko-wydmuchala-2-promile-zdjecia","status":"publish","type":"post","link":"https:\/\/ostrowskatv.pl\/?p=7977","title":{"rendered":"Przyjecha\u0142a odebra\u0107 niepe\u0142nosprawne dziecko. Wydmucha\u0142a 2 promile! (zdj\u0119cia)"},"content":{"rendered":"<p><strong>Du\u017cym nierozs\u0105dkiem wykaza\u0142a si\u0119 kobieta, kt\u00f3ra w poniedzia\u0142ek postanowi\u0142a odebra\u0107 niepe\u0142nosprawne dziecko ze Szko\u0142y Podstawowej nr 12 w Ostrowie Wielkopolskim. Zanim jednak zd\u0105\u017cy\u0142a wyj\u015b\u0107 z auta, zosta\u0142a zatrzymana przez policjant\u00f3w. Alkomat by\u0142 bezlitosny. Pokaza\u0142 a\u017c 2 promile alkoholu!<\/strong><\/p>\n<p>Tak wysoki wynik mo\u017ce \u015bwiadczy\u0107 o d\u0142ugotrwa\u0142ym problemie u kieruj\u0105cej. Swoj\u0105 nieodpowiedzialn\u0105 decyzj\u0119 o przyjechaniu Volvo pod szko\u0142\u0119, by odebra\u0107 dziecko sprawi\u0142a nie tylko sobie du\u017ce k\u0142opoty, ale tak\u017ce dziecku, kt\u00f3re b\u0119dzie musia\u0142 odebra\u0107 kto\u015b trze\u017awy.<\/p>\n<div id='gallery-1' class='gallery galleryid-7977 gallery-columns-3 gallery-size-thumbnail'><figure class='gallery-item'>\n\t\t\t<div class='gallery-icon landscape'>\n\t\t\t\t<a href='https:\/\/ostrowskatv.pl\/?attachment_id=7978'><img loading=\"lazy\" decoding=\"async\" width=\"150\" height=\"150\" src=\"https:\/\/ostrowskatv.pl\/wp-content\/uploads\/2018\/12\/IMG_20181217_161025-150x150.jpg\" class=\"attachment-thumbnail size-thumbnail\" alt=\"\" \/><\/a>\n\t\t\t<\/div><\/figure><figure class='gallery-item'>\n\t\t\t<div class='gallery-icon landscape'>\n\t\t\t\t<a href='https:\/\/ostrowskatv.pl\/?attachment_id=7979'><img loading=\"lazy\" decoding=\"async\" width=\"150\" height=\"150\" src=\"https:\/\/ostrowskatv.pl\/wp-content\/uploads\/2018\/12\/IMG_20181217_161122-150x150.jpg\" class=\"attachment-thumbnail size-thumbnail\" alt=\"\" \/><\/a>\n\t\t\t<\/div><\/figure><figure class='gallery-item'>\n\t\t\t<div class='gallery-icon landscape'>\n\t\t\t\t<a href='https:\/\/ostrowskatv.pl\/?attachment_id=7980'><img loading=\"lazy\" decoding=\"async\" width=\"150\" height=\"150\" src=\"https:\/\/ostrowskatv.pl\/wp-content\/uploads\/2018\/12\/IMG_20181217_160903-150x150.jpg\" class=\"attachment-thumbnail size-thumbnail\" alt=\"\" \/><\/a>\n\t\t\t<\/div><\/figure><figure class='gallery-item'>\n\t\t\t<div class='gallery-icon landscape'>\n\t\t\t\t<a href='https:\/\/ostrowskatv.pl\/?attachment_id=7981'><img loading=\"lazy\" decoding=\"async\" width=\"150\" height=\"150\" src=\"https:\/\/ostrowskatv.pl\/wp-content\/uploads\/2018\/12\/IMG_20181217_160934-150x150.jpg\" class=\"attachment-thumbnail size-thumbnail\" alt=\"\" \/><\/a>\n\t\t\t<\/div><\/figure>\n\t\t<\/div>\n\n<p>Jazda pod wp\u0142ywem alkoholu:<\/p>\n<p>\u2013 Jest to przest\u0119pstwo,<\/p>\n<p>\u2013 10 pkt karnych,<\/p>\n<p>\u2013 grzywna uzale\u017cniona od dochod\u00f3w od 5000 z\u0142 do 60 tys. z\u0142 na rzecz Funduszu Pomocy Pokrzywdzonym oraz Pomocy Postpenitencjarnej,<\/p>\n<p>\u2013 do 2 lat pozbawienia wolno\u015bci (do 12 lat recydywi\u015bci i sprawcy wypadk\u00f3w \u015bmiertelnych),<\/p>\n<p>\u2013 od 3 lat zakazu prowadzenia pojazd\u00f3w<\/p>\n","protected":false},"excerpt":{"rendered":"Du\u017cym nierozs\u0105dkiem wykaza\u0142a si\u0119 kobieta, kt\u00f3ra w poniedzia\u0142ek postanowi\u0142a odebra\u0107 niepe\u0142nosprawne dziecko ze Szko\u0142y Podstawowej nr 12 w Ostrowie Wielkopolskim. Zanim jednak zd\u0105\u017cy\u0142a \n<a class=\"moretag\" href=\"https:\/\/ostrowskatv.pl\/?p=7977\"> [...]<\/a>","protected":false},"author":1,"featured_media":7981,"comment_status":"open","ping_status":"closed","sticky":false,"template":"","format":"standard","meta":{"footnotes":""},"categories":[1],"tags":[2],"class_list":["post-7977","post","type-post","status-publish","format-standard","has-post-thumbnail","hentry","category-news","tag-ostrow-wielkopolski"],"_links":{"self":[{"href":"https:\/\/ostrowskatv.pl\/index.php?rest_route=\/wp\/v2\/posts\/7977","targetHints":{"allow":["GET"]}}],"collection":[{"href":"https:\/\/ostrowskatv.pl\/index.php?rest_route=\/wp\/v2\/posts"}],"about":[{"href":"https:\/\/ostrowskatv.pl\/index.php?rest_route=\/wp\/v2\/types\/post"}],"author":[{"embeddable":true,"href":"https:\/\/ostrowskatv.pl\/index.php?rest_route=\/wp\/v2\/users\/1"}],"replies":[{"embeddable":true,"href":"https:\/\/ostrowskatv.pl\/index.php?rest_route=%2Fwp%2Fv2%2Fcomments&post=7977"}],"version-history":[{"count":0,"href":"https:\/\/ostrowskatv.pl\/index.php?rest_route=\/wp\/v2\/posts\/7977\/revisions"}],"wp:featuredmedia":[{"embeddable":true,"href":"https:\/\/ostrowskatv.pl\/index.php?rest_route=\/wp\/v2\/media\/7981"}],"wp:attachment":[{"href":"https:\/\/ostrowskatv.pl\/index.php?rest_route=%2Fwp%2Fv2%2Fmedia&parent=7977"}],"wp:term":[{"taxonomy":"category","embeddable":true,"href":"https:\/\/ostrowskatv.pl\/index.php?rest_route=%2Fwp%2Fv2%2Fcategories&post=7977"},{"taxonomy":"post_tag","embeddable":true,"href":"https:\/\/ostrowskatv.pl\/index.php?rest_route=%2Fwp%2Fv2%2Ftags&post=7977"}],"curies":[{"name":"wp","href":"https:\/\/api.w.org\/{rel}","templated":true}]}}