{"id":7954,"date":"2018-12-09T22:09:54","date_gmt":"2018-12-09T21:09:54","guid":{"rendered":"http:\/\/ostrowska.tv\/?p=7954"},"modified":"2018-12-09T22:09:54","modified_gmt":"2018-12-09T21:09:54","slug":"wypadek-na-obwodnicy-ostrowa-mercedes-vs-peugeot","status":"publish","type":"post","link":"https:\/\/ostrowskatv.pl\/?p=7954","title":{"rendered":"Wypadek na obwodnicy Ostrowa. Mercedes vs Peugeot"},"content":{"rendered":"<p><strong>Na obwodnicy Ostrowa Wielkopolskiego dosz\u0142o do wypadku dw\u00f3ch aut osobowych. Na 14 kilometrze zderzy\u0142y si\u0119 Peugeot i Mercedes. Jedn\u0105 kobiet\u0119 przewieziono do ostrowskiego szpitala.<\/strong><\/p>\n<p>Z relacji uczestnik\u00f3w zdarzenia wynika, \u017ce oko\u0142o 20.30 na S-11 kierowca Mercedesa, na kaliskich tablicach rejestracyjnych, zacz\u0105\u0142 nagle hamowa\u0107. Jak si\u0119 p\u00f3\u017aniej t\u0142umaczy\u0142, jad\u0105cy za nim kierowca Peugeota rzekomo mia\u0142 go o\u015blepia\u0107 d\u0142ugimi \u015bwiat\u0142ami.\u00a0 Kierowca Peugeota twierdzi\u0142 jednak, \u017ce Mercedes nagle zahamowa\u0142 i w \u017caden spos\u00f3b go nie o\u015blepia\u0142. Do szpitala przewieziono pasa\u017cerk\u0119 z Mercedesa, kt\u00f3ra uskar\u017ca\u0142a si\u0119 na b\u00f3l palca. Wcze\u015bniej jej m\u0105\u017c sugerowa\u0142, \u017ce boli j\u0105 tak\u017ce brzuch.<\/p>\n<p>Na miejsce wys\u0142ano dwa zast\u0119py stra\u017cy po\u017carnej z Ostrowa Wlkp. oraz 1 OSP z Przygodzic.<\/p>\n<div id='gallery-1' class='gallery galleryid-7954 gallery-columns-3 gallery-size-thumbnail'><figure class='gallery-item'>\n\t\t\t<div class='gallery-icon landscape'>\n\t\t\t\t<a href='https:\/\/ostrowskatv.pl\/?attachment_id=7958'><img loading=\"lazy\" decoding=\"async\" width=\"150\" height=\"150\" src=\"https:\/\/ostrowskatv.pl\/wp-content\/uploads\/2018\/12\/IMG_20181209_204020-150x150.jpg\" class=\"attachment-thumbnail size-thumbnail\" alt=\"\" \/><\/a>\n\t\t\t<\/div><\/figure><figure class='gallery-item'>\n\t\t\t<div class='gallery-icon landscape'>\n\t\t\t\t<a href='https:\/\/ostrowskatv.pl\/?attachment_id=7957'><img loading=\"lazy\" decoding=\"async\" width=\"150\" height=\"150\" src=\"https:\/\/ostrowskatv.pl\/wp-content\/uploads\/2018\/12\/IMG_20181209_204037-150x150.jpg\" class=\"attachment-thumbnail size-thumbnail\" alt=\"\" \/><\/a>\n\t\t\t<\/div><\/figure><figure class='gallery-item'>\n\t\t\t<div class='gallery-icon landscape'>\n\t\t\t\t<a href='https:\/\/ostrowskatv.pl\/?attachment_id=7956'><img loading=\"lazy\" decoding=\"async\" width=\"150\" height=\"150\" src=\"https:\/\/ostrowskatv.pl\/wp-content\/uploads\/2018\/12\/IMG_20181209_204121-150x150.jpg\" class=\"attachment-thumbnail size-thumbnail\" alt=\"\" \/><\/a>\n\t\t\t<\/div><\/figure><figure class='gallery-item'>\n\t\t\t<div class='gallery-icon landscape'>\n\t\t\t\t<a href='https:\/\/ostrowskatv.pl\/?attachment_id=7955'><img loading=\"lazy\" decoding=\"async\" width=\"150\" height=\"150\" src=\"https:\/\/ostrowskatv.pl\/wp-content\/uploads\/2018\/12\/IMG_20181209_200717-150x150.jpg\" class=\"attachment-thumbnail size-thumbnail\" alt=\"\" \/><\/a>\n\t\t\t<\/div><\/figure>\n\t\t<\/div>\n\n","protected":false},"excerpt":{"rendered":"Na obwodnicy Ostrowa Wielkopolskiego dosz\u0142o do wypadku dw\u00f3ch aut osobowych. Na 14 kilometrze zderzy\u0142y si\u0119 Peugeot i Mercedes. Jedn\u0105 kobiet\u0119 przewieziono do ostrowskiego \n<a class=\"moretag\" href=\"https:\/\/ostrowskatv.pl\/?p=7954\"> [...]<\/a>","protected":false},"author":1,"featured_media":7955,"comment_status":"open","ping_status":"closed","sticky":false,"template":"","format":"standard","meta":{"footnotes":""},"categories":[1],"tags":[139],"class_list":["post-7954","post","type-post","status-publish","format-standard","has-post-thumbnail","hentry","category-news","tag-obwodnica-ostrowa"],"_links":{"self":[{"href":"https:\/\/ostrowskatv.pl\/index.php?rest_route=\/wp\/v2\/posts\/7954","targetHints":{"allow":["GET"]}}],"collection":[{"href":"https:\/\/ostrowskatv.pl\/index.php?rest_route=\/wp\/v2\/posts"}],"about":[{"href":"https:\/\/ostrowskatv.pl\/index.php?rest_route=\/wp\/v2\/types\/post"}],"author":[{"embeddable":true,"href":"https:\/\/ostrowskatv.pl\/index.php?rest_route=\/wp\/v2\/users\/1"}],"replies":[{"embeddable":true,"href":"https:\/\/ostrowskatv.pl\/index.php?rest_route=%2Fwp%2Fv2%2Fcomments&post=7954"}],"version-history":[{"count":0,"href":"https:\/\/ostrowskatv.pl\/index.php?rest_route=\/wp\/v2\/posts\/7954\/revisions"}],"wp:featuredmedia":[{"embeddable":true,"href":"https:\/\/ostrowskatv.pl\/index.php?rest_route=\/wp\/v2\/media\/7955"}],"wp:attachment":[{"href":"https:\/\/ostrowskatv.pl\/index.php?rest_route=%2Fwp%2Fv2%2Fmedia&parent=7954"}],"wp:term":[{"taxonomy":"category","embeddable":true,"href":"https:\/\/ostrowskatv.pl\/index.php?rest_route=%2Fwp%2Fv2%2Fcategories&post=7954"},{"taxonomy":"post_tag","embeddable":true,"href":"https:\/\/ostrowskatv.pl\/index.php?rest_route=%2Fwp%2Fv2%2Ftags&post=7954"}],"curies":[{"name":"wp","href":"https:\/\/api.w.org\/{rel}","templated":true}]}}