{"id":7949,"date":"2018-12-09T21:59:18","date_gmt":"2018-12-09T20:59:18","guid":{"rendered":"http:\/\/ostrowska.tv\/?p=7949"},"modified":"2018-12-09T21:59:58","modified_gmt":"2018-12-09T20:59:58","slug":"kierowca-bmw-wydmuchal-1-promil","status":"publish","type":"post","link":"https:\/\/ostrowskatv.pl\/?p=7949","title":{"rendered":"Kierowca BMW wydmucha\u0142 1 promil"},"content":{"rendered":"\r\n<p><strong>Funkcjonariusze z ostrowskiej drog\u00f3wki zatrzymali kierowc\u0119 jad\u0105cego BMW serii 3. Okaza\u0142o si\u0119, \u017ce kierowca wydmucha\u0142 1 promil. Takie st\u0119\u017cenie skutkuje nieprzyjemnymi sankcjami.<\/strong><\/p>\r\n\r\n\r\n\r\n<p>Jazda pod wp\u0142ywem alkoholu:<\/p>\r\n\r\n\r\n\r\n<ul class=\"wp-block-list\">\r\n<li>Jest to przest\u0119pstwo,<\/li>\r\n<li>10 pkt karnych,<\/li>\r\n<li>grzywna uzale\u017cniona od dochod\u00f3w od 5000 z\u0142 do 60 tys. z\u0142 na rzecz Funduszu Pomocy Pokrzywdzonym oraz Pomocy Postpenitencjarnej,<\/li>\r\n<li>do 2 lat pozbawienia wolno\u015bci (do 12 lat recydywi\u015bci i sprawcy wypadk\u00f3w \u015bmiertelnych),<\/li>\r\n<li>od 3 lat zakazu prowadzenia pojazd\u00f3w.<\/li>\r\n<\/ul>\r\n<p>Do zatrzymania dosz\u0142o w niedzielny wiecz\u00f3r na Wojska Polskiego w Ostrowie Wlkp.<\/p>\r\n\r\n\r\n\r\n<figure class=\"wp-block-image\"><img loading=\"lazy\" decoding=\"async\" width=\"640\" height=\"320\" class=\"wp-image-7950\" src=\"http:\/\/ostrowska.tv\/wp-content\/uploads\/2018\/12\/IMG_20181209_195405-640x320.jpg\" alt=\"\" srcset=\"https:\/\/ostrowskatv.pl\/wp-content\/uploads\/2018\/12\/IMG_20181209_195405-640x320.jpg 640w, https:\/\/ostrowskatv.pl\/wp-content\/uploads\/2018\/12\/IMG_20181209_195405-300x150.jpg 300w, https:\/\/ostrowskatv.pl\/wp-content\/uploads\/2018\/12\/IMG_20181209_195405.jpg 1920w\" sizes=\"auto, (max-width: 640px) 100vw, 640px\" \/><\/figure>\r\n\r\n\r\n\r\n<figure class=\"wp-block-image\"><img loading=\"lazy\" decoding=\"async\" width=\"640\" height=\"320\" class=\"wp-image-7951\" src=\"http:\/\/ostrowska.tv\/wp-content\/uploads\/2018\/12\/IMG_20181209_195342-640x320.jpg\" alt=\"\" srcset=\"https:\/\/ostrowskatv.pl\/wp-content\/uploads\/2018\/12\/IMG_20181209_195342-640x320.jpg 640w, https:\/\/ostrowskatv.pl\/wp-content\/uploads\/2018\/12\/IMG_20181209_195342-300x150.jpg 300w, https:\/\/ostrowskatv.pl\/wp-content\/uploads\/2018\/12\/IMG_20181209_195342.jpg 1024w\" sizes=\"auto, (max-width: 640px) 100vw, 640px\" \/><\/figure>\r\n","protected":false},"excerpt":{"rendered":"Funkcjonariusze z ostrowskiej drog\u00f3wki zatrzymali kierowc\u0119 jad\u0105cego BMW serii 3. Okaza\u0142o si\u0119, \u017ce kierowca wydmucha\u0142 1 promil. Takie st\u0119\u017cenie skutkuje nieprzyjemnymi sankcjami. Jazda \n<a class=\"moretag\" href=\"https:\/\/ostrowskatv.pl\/?p=7949\"> [...]<\/a>","protected":false},"author":1,"featured_media":7951,"comment_status":"open","ping_status":"closed","sticky":false,"template":"","format":"standard","meta":{"footnotes":""},"categories":[1],"tags":[2],"class_list":["post-7949","post","type-post","status-publish","format-standard","has-post-thumbnail","hentry","category-news","tag-ostrow-wielkopolski"],"_links":{"self":[{"href":"https:\/\/ostrowskatv.pl\/index.php?rest_route=\/wp\/v2\/posts\/7949","targetHints":{"allow":["GET"]}}],"collection":[{"href":"https:\/\/ostrowskatv.pl\/index.php?rest_route=\/wp\/v2\/posts"}],"about":[{"href":"https:\/\/ostrowskatv.pl\/index.php?rest_route=\/wp\/v2\/types\/post"}],"author":[{"embeddable":true,"href":"https:\/\/ostrowskatv.pl\/index.php?rest_route=\/wp\/v2\/users\/1"}],"replies":[{"embeddable":true,"href":"https:\/\/ostrowskatv.pl\/index.php?rest_route=%2Fwp%2Fv2%2Fcomments&post=7949"}],"version-history":[{"count":0,"href":"https:\/\/ostrowskatv.pl\/index.php?rest_route=\/wp\/v2\/posts\/7949\/revisions"}],"wp:featuredmedia":[{"embeddable":true,"href":"https:\/\/ostrowskatv.pl\/index.php?rest_route=\/wp\/v2\/media\/7951"}],"wp:attachment":[{"href":"https:\/\/ostrowskatv.pl\/index.php?rest_route=%2Fwp%2Fv2%2Fmedia&parent=7949"}],"wp:term":[{"taxonomy":"category","embeddable":true,"href":"https:\/\/ostrowskatv.pl\/index.php?rest_route=%2Fwp%2Fv2%2Fcategories&post=7949"},{"taxonomy":"post_tag","embeddable":true,"href":"https:\/\/ostrowskatv.pl\/index.php?rest_route=%2Fwp%2Fv2%2Ftags&post=7949"}],"curies":[{"name":"wp","href":"https:\/\/api.w.org\/{rel}","templated":true}]}}