{"id":7943,"date":"2018-12-09T14:39:56","date_gmt":"2018-12-09T13:39:56","guid":{"rendered":"http:\/\/ostrowska.tv\/?p=7943"},"modified":"2018-12-09T21:38:02","modified_gmt":"2018-12-09T20:38:02","slug":"emocjonujace-przemowienia-na-pogrzebie-romana-cegielnego","status":"publish","type":"post","link":"https:\/\/ostrowskatv.pl\/?p=7943","title":{"rendered":"Emocjonuj\u0105ce przem\u00f3wienia na pogrzebie Romana Cegielnego"},"content":{"rendered":"<p><strong>W minion\u0105 sobot\u0119 pochowano Romana Cegielnego. Zmar\u0142 po wypadku z udzia\u0142em karetki pogotowia ratunkowego, do kt\u00f3rego dosz\u0142o w ubieg\u0142\u0105 niedziel\u0119. Na cmentarzu przy ul. Bema t\u0142um ludzi uczestniczy\u0142 w ostatnim po\u017cegnaniu. Po mszy \u015bwi\u0119tej wyst\u0105pi\u0142y c\u00f3rki zmar\u0142ego, kt\u00f3re w emocjonuj\u0105cych s\u0142owach przedstawi\u0142y jego sylwetk\u0119 i ostatnie chwile \u017cycia. <\/strong><\/p>\n<p>c\u00f3rka Sylwia:<\/p>\n<blockquote><p>Tata Roman by\u0142 ciep\u0142ym, rodzinnym, troskliwym, opieku\u0144czym, ojcem. Tata czerpa\u0142 rado\u015b\u0107 z dawania i budowania. W \u017cyciu mia\u0142 misj\u0119 organizowania. Nigdy si\u0119 nie poddawa\u0142 i nawet kiedy jego \u015bwiat si\u0119 wali\u0142, to zbiera\u0142 si\u0142\u0119 i zaczyna\u0142 od nowa. Nauczy\u0142 mnie \u017ce trzeba gra\u0107 fair i \u017ce jak si\u0119 co\u015b robi, to najlepiej jak si\u0119 umie, albo wcale. Zaszczepi\u0142 we mnie ch\u0119\u0107 do dzia\u0142ania i przejmowania inicjatywy. Honorowy, szczodry, tolerancyjny i sprawiedliwy. Dobrze czu\u0142 si\u0119 w ka\u017cdej grupie wiekowej. Moi znajomi bardzo lubili i szanowali mojego tat\u0119. Tato, Cz\u0119sto nie doceniali\u015bmy Twoich dzia\u0142a\u0144 i dobroci. Brali\u015bmy to za pewnik. Odda\u0142abym wszystko \u017ceby jeszcze raz prze\u017cy\u0107 momenty w kt\u00f3rych si\u0119 na ciebie denerwowa\u0142am. Teraz rozumiem ze wynika\u0142y one z mi\u0142o\u015bci i troski. By\u0142e\u015b naszym parasolem, ogniskiem przy kt\u00f3rym si\u0119 grzali\u015bmy. To dawa\u0142o komfort psychiczny ze zawsze jest kto\u015b, kto si\u0119 troszczy, martwi i porostu jest dla nas.Filar, kt\u00f3ry trzyma wszystko w kupie. B\u0119dzie nam Ciebie ogromnie brakowa\u0142o. Jeste\u015b niezast\u0105piony. Jeden na milion, lub jeden na sto milion\u00f3w. Jestem dumna z tego \u017ce jeste\u015b moim tat\u0105. To co pozostawi\u0142e\u015b, to ciep\u0142o w sercu, niepoj\u0119ta dobro\u0107 i wiar\u0119 w ludzi. \u017be to wszystko ma jaki\u015b sens&#8230;<\/p><\/blockquote>\n<p>c\u00f3rka Romana:<\/p>\n<blockquote><p>Nie wszyscy dobrze znali mojego tat\u0119. Chcia\u0142abym Pa\u0144stwu go przedstawi\u0107 od strony, od kt\u00f3rej nie wszyscy mieli okazj\u0119 go pozna\u0107. Mia\u0142 71 lat, ale nie by\u0142 niedo\u0142\u0119\u017cnym staruszkiem, jak niekt\u00f3rzy mogli sobie wyobra\u017ca\u0107. By\u0142 dziadkiem, kt\u00f3ry codziennie \u0107wiczy\u0142 w swoim pokoju gimnastycznym. Chodzi\u0142 tak\u017ce po g\u00f3rach i to by\u0142a jego najwi\u0119ksza pasja. Wiele je\u017adzi\u0142 rowerem. Potrafi\u0142 pokona\u0107 dystans 90 km dziennie. Uwielbia\u0142 zwiedza\u0107 i zaszczepi\u0142 to we mnie. To dzi\u0119ki temu mog\u0142am pozna\u0107 wiele ciekawych miejsc na \u015bwiecie. By\u0142 bardzo odpowiedzialnym i pouk\u0142adanym cz\u0142owiekiem. By\u0142 szczery do b\u00f3lu. Zawsze mi powtarza\u0142, trzeba m\u00f3wi\u0107 prawd\u0119, cho\u0107by by\u0142a najgorsza. I tego r\u00f3wnie\u017c staram si\u0119 trzyma\u0107. By\u0142 bardzo \u0142ebskim facetem. Pasuje do niego powiedzenie &#8222;mie\u0107 \u0142eb jak sklep&#8221;, jak dla mnie to supermarket. Mia\u0142 wszechstronn\u0105 wiedz\u0119 historyczno-geograficzn\u0105. Dla mnie by\u0142 jak chodz\u0105ca encyklopedia. Nie musia\u0142am sprawdza\u0107 czego\u015b w internecie, bo wiedzia\u0142 prawie wszystko. By\u0142 samoukiem w wielu dziedzinach. Z wykszta\u0142cenia in\u017cynier chemik, a j\u0119zyka angielskiego w domu nauczy\u0142 si\u0119 sam. I do tego bran\u017cowego. To by\u0142o co\u015b niesamowitego. Dla mnie nieosi\u0105galne. Ale w ko\u0144cu to co najwa\u017cniejsze, by\u0142 bardzo dobrym cz\u0142owiekiem. Pomaga\u0142 wielu ludziom. Uwielbia\u0142 dawa\u0107 i si\u0119 dzieli\u0107. Tego tak\u017ce nauczy\u0142 mnie i moj\u0105 siostr\u0119.<\/p>\n<p>By\u0142 opieku\u0144czym i troskliwym tat\u0105. By\u0142 cudownym dziadkiem dla moich dzieci. Wiele mu zawdzi\u0119czamy. Kocha\u0142 ca\u0142ym sercem i by\u0142 przez nas kochanym. Odszed\u0142, kiedy odnalaz\u0142 mi\u0142o\u015b\u0107 swojego \u017cycia. By\u0142 bardzo szcz\u0119\u015bliwy.<\/p>\n<p>Tego dnia kiedy zgin\u0105\u0142, byli\u015bmy um\u00f3wieni. On wraca\u0142 ze spaceru z psem. Ja jecha\u0142am swoich samochodem. Mieli\u015bmy razem zje\u015b\u0107 obiad. Wcze\u015bniej gotowa\u0142 dla mnie ros\u00f3\u0142 z perliczki. Spotkali\u015bmy si\u0119 w drzwiach, ale niestety helikoptera ratunkowego. <strong>Rozmawiali\u015bmy chwil\u0119 zanim odlecia\u0142. Spyta\u0142am: tato, nie s\u0142ysza\u0142e\u015b ich? Odpowiedzia\u0142: Nie, nie s\u0142ysza\u0142em.<\/strong><\/p>\n<p>Siedz\u0105c na schodach przed drzwiami intensywnej terapii, napisa\u0142am dla taty wierszyk. Niestety ju\u017c go nie przeczyta. Dotyczy on nas wszystkich ludzi:<br \/>\nW obliczu \u015bmierci wszyscy\u015bmy jednacy.<br \/>\nOfiary losu i cwane chojracy.<br \/>\nW obliczu b\u00f3lu wszyscy si\u0119 lituj\u0105.<br \/>\nCi co pokrzywdzeni to\u017c nie potrzebuj\u0105.<br \/>\nWi\u0119c b\u0105d\u017acie obecni, kiedy na to pora,<br \/>\nNie gdy cz\u0142eka k\u0142ada do czarnego wora.<\/p><\/blockquote>\n<div id='gallery-1' class='gallery galleryid-7943 gallery-columns-3 gallery-size-thumbnail'><figure class='gallery-item'>\n\t\t\t<div class='gallery-icon landscape'>\n\t\t\t\t<a href='https:\/\/ostrowskatv.pl\/?attachment_id=7946'><img loading=\"lazy\" decoding=\"async\" width=\"150\" height=\"150\" src=\"https:\/\/ostrowskatv.pl\/wp-content\/uploads\/2018\/12\/IMG_1662-150x150.jpg\" class=\"attachment-thumbnail size-thumbnail\" alt=\"\" \/><\/a>\n\t\t\t<\/div><\/figure><figure class='gallery-item'>\n\t\t\t<div class='gallery-icon landscape'>\n\t\t\t\t<a href='https:\/\/ostrowskatv.pl\/?attachment_id=7945'><img loading=\"lazy\" decoding=\"async\" width=\"150\" height=\"150\" src=\"https:\/\/ostrowskatv.pl\/wp-content\/uploads\/2018\/12\/IMG_1663-150x150.jpg\" class=\"attachment-thumbnail size-thumbnail\" alt=\"\" \/><\/a>\n\t\t\t<\/div><\/figure><figure class='gallery-item'>\n\t\t\t<div class='gallery-icon landscape'>\n\t\t\t\t<a href='https:\/\/ostrowskatv.pl\/?attachment_id=7944'><img loading=\"lazy\" decoding=\"async\" width=\"150\" height=\"150\" src=\"https:\/\/ostrowskatv.pl\/wp-content\/uploads\/2018\/12\/cegielny-150x150.jpg\" class=\"attachment-thumbnail size-thumbnail\" alt=\"\" \/><\/a>\n\t\t\t<\/div><\/figure>\n\t\t<\/div>\n\n","protected":false},"excerpt":{"rendered":"W minion\u0105 sobot\u0119 pochowano Romana Cegielnego. Zmar\u0142 po wypadku z udzia\u0142em karetki pogotowia ratunkowego, do kt\u00f3rego dosz\u0142o w ubieg\u0142\u0105 niedziel\u0119. Na cmentarzu przy \n<a class=\"moretag\" href=\"https:\/\/ostrowskatv.pl\/?p=7943\"> [...]<\/a>","protected":false},"author":1,"featured_media":7944,"comment_status":"open","ping_status":"closed","sticky":false,"template":"","format":"standard","meta":{"footnotes":""},"categories":[1],"tags":[2],"class_list":["post-7943","post","type-post","status-publish","format-standard","has-post-thumbnail","hentry","category-news","tag-ostrow-wielkopolski"],"_links":{"self":[{"href":"https:\/\/ostrowskatv.pl\/index.php?rest_route=\/wp\/v2\/posts\/7943","targetHints":{"allow":["GET"]}}],"collection":[{"href":"https:\/\/ostrowskatv.pl\/index.php?rest_route=\/wp\/v2\/posts"}],"about":[{"href":"https:\/\/ostrowskatv.pl\/index.php?rest_route=\/wp\/v2\/types\/post"}],"author":[{"embeddable":true,"href":"https:\/\/ostrowskatv.pl\/index.php?rest_route=\/wp\/v2\/users\/1"}],"replies":[{"embeddable":true,"href":"https:\/\/ostrowskatv.pl\/index.php?rest_route=%2Fwp%2Fv2%2Fcomments&post=7943"}],"version-history":[{"count":0,"href":"https:\/\/ostrowskatv.pl\/index.php?rest_route=\/wp\/v2\/posts\/7943\/revisions"}],"wp:featuredmedia":[{"embeddable":true,"href":"https:\/\/ostrowskatv.pl\/index.php?rest_route=\/wp\/v2\/media\/7944"}],"wp:attachment":[{"href":"https:\/\/ostrowskatv.pl\/index.php?rest_route=%2Fwp%2Fv2%2Fmedia&parent=7943"}],"wp:term":[{"taxonomy":"category","embeddable":true,"href":"https:\/\/ostrowskatv.pl\/index.php?rest_route=%2Fwp%2Fv2%2Fcategories&post=7943"},{"taxonomy":"post_tag","embeddable":true,"href":"https:\/\/ostrowskatv.pl\/index.php?rest_route=%2Fwp%2Fv2%2Ftags&post=7943"}],"curies":[{"name":"wp","href":"https:\/\/api.w.org\/{rel}","templated":true}]}}