{"id":7938,"date":"2018-12-05T19:09:19","date_gmt":"2018-12-05T18:09:19","guid":{"rendered":"http:\/\/ostrowska.tv\/?p=7938"},"modified":"2018-12-05T19:09:19","modified_gmt":"2018-12-05T18:09:19","slug":"slizgawka-na-luku-zderzenie-dwoch-aut-w-trzcielinach","status":"publish","type":"post","link":"https:\/\/ostrowskatv.pl\/?p=7938","title":{"rendered":"\u015alizgawka na \u0142uku, zderzenie dw\u00f3ch aut w Trzcielinach"},"content":{"rendered":"<p><strong>Wieczorem, gdy temperatura spad\u0142a do &#8211; 1 stopnia Celsjusza, miejscami zrobi\u0142o si\u0119 bardzo \u015blisko. Tak te\u017c by\u0142o w Trzielinach, gdzie na \u0142uku drogi zderzy\u0142y si\u0119 dwa auta osobowe. Do szpitala zabrano dwie osoby z Passata, a sprawczyni\u0105 najprawdopodobniej jest kobiet\u0105 z Citroena, kt\u00f3r\u0105 wynios\u0142o na \u0142uku drogi.<\/strong><\/p>\n<div id='gallery-1' class='gallery galleryid-7938 gallery-columns-3 gallery-size-thumbnail'><figure class='gallery-item'>\n\t\t\t<div class='gallery-icon landscape'>\n\t\t\t\t<a href='https:\/\/ostrowskatv.pl\/?attachment_id=7939'><img loading=\"lazy\" decoding=\"async\" width=\"150\" height=\"150\" src=\"https:\/\/ostrowskatv.pl\/wp-content\/uploads\/2018\/12\/IMG_20181205_181353-01-150x150.jpeg\" class=\"attachment-thumbnail size-thumbnail\" alt=\"\" aria-describedby=\"gallery-1-7939\" \/><\/a>\n\t\t\t<\/div>\n\t\t\t\t<figcaption class='wp-caption-text gallery-caption' id='gallery-1-7939'>\n\t\t\t\trhdr\n\t\t\t\t<\/figcaption><\/figure><figure class='gallery-item'>\n\t\t\t<div class='gallery-icon landscape'>\n\t\t\t\t<a href='https:\/\/ostrowskatv.pl\/?attachment_id=7940'><img loading=\"lazy\" decoding=\"async\" width=\"150\" height=\"150\" src=\"https:\/\/ostrowskatv.pl\/wp-content\/uploads\/2018\/12\/IMG_20181205_181342-01-1-150x150.jpeg\" class=\"attachment-thumbnail size-thumbnail\" alt=\"\" \/><\/a>\n\t\t\t<\/div><\/figure>\n\t\t<\/div>\n\n","protected":false},"excerpt":{"rendered":"Wieczorem, gdy temperatura spad\u0142a do &#8211; 1 stopnia Celsjusza, miejscami zrobi\u0142o si\u0119 bardzo \u015blisko. Tak te\u017c by\u0142o w Trzielinach, gdzie na \u0142uku drogi \n<a class=\"moretag\" href=\"https:\/\/ostrowskatv.pl\/?p=7938\"> [...]<\/a>","protected":false},"author":1,"featured_media":7939,"comment_status":"open","ping_status":"closed","sticky":false,"template":"","format":"standard","meta":{"footnotes":""},"categories":[1],"tags":[167],"class_list":["post-7938","post","type-post","status-publish","format-standard","has-post-thumbnail","hentry","category-news","tag-trzcieliny"],"_links":{"self":[{"href":"https:\/\/ostrowskatv.pl\/index.php?rest_route=\/wp\/v2\/posts\/7938","targetHints":{"allow":["GET"]}}],"collection":[{"href":"https:\/\/ostrowskatv.pl\/index.php?rest_route=\/wp\/v2\/posts"}],"about":[{"href":"https:\/\/ostrowskatv.pl\/index.php?rest_route=\/wp\/v2\/types\/post"}],"author":[{"embeddable":true,"href":"https:\/\/ostrowskatv.pl\/index.php?rest_route=\/wp\/v2\/users\/1"}],"replies":[{"embeddable":true,"href":"https:\/\/ostrowskatv.pl\/index.php?rest_route=%2Fwp%2Fv2%2Fcomments&post=7938"}],"version-history":[{"count":0,"href":"https:\/\/ostrowskatv.pl\/index.php?rest_route=\/wp\/v2\/posts\/7938\/revisions"}],"wp:featuredmedia":[{"embeddable":true,"href":"https:\/\/ostrowskatv.pl\/index.php?rest_route=\/wp\/v2\/media\/7939"}],"wp:attachment":[{"href":"https:\/\/ostrowskatv.pl\/index.php?rest_route=%2Fwp%2Fv2%2Fmedia&parent=7938"}],"wp:term":[{"taxonomy":"category","embeddable":true,"href":"https:\/\/ostrowskatv.pl\/index.php?rest_route=%2Fwp%2Fv2%2Fcategories&post=7938"},{"taxonomy":"post_tag","embeddable":true,"href":"https:\/\/ostrowskatv.pl\/index.php?rest_route=%2Fwp%2Fv2%2Ftags&post=7938"}],"curies":[{"name":"wp","href":"https:\/\/api.w.org\/{rel}","templated":true}]}}