{"id":7918,"date":"2018-12-05T10:21:04","date_gmt":"2018-12-05T09:21:04","guid":{"rendered":"http:\/\/ostrowska.tv\/?p=7918"},"modified":"2018-12-05T10:21:04","modified_gmt":"2018-12-05T09:21:04","slug":"od-rana-bardzo-slisko-na-drogach-seria-kolizji-zdjecia","status":"publish","type":"post","link":"https:\/\/ostrowskatv.pl\/?p=7918","title":{"rendered":"Od rana bardzo \u015blisko na drogach. Seria kolizji (zdj\u0119cia)"},"content":{"rendered":"<p><strong>Od wczesnych godzinach porannych, wiele dr\u00f3g w regionie by\u0142o \u015bliskich. Skutkowa\u0142o to szeregiem kolizji, poniewa\u017c cz\u0119\u015b\u0107 kierowc\u00f3w nie dostosowa\u0142a pr\u0119dko\u015bci do warunk\u00f3w panuj\u0105cych na drogach. Na szcz\u0119\u015bcie nie dosz\u0142o do \u017cadnego wypadku, gdzie ucierpieliby uczestnicy zdarze\u0144.<\/strong><\/p>\n<p>Na wyje\u017adzie z Przygodzic w stron\u0119 Strug\u00a0dosz\u0142o do niegro\u017anej kolizji z udzia\u0142em kieruj\u0105cej samochodem marki Toyota Yaris. Jej auto wpad\u0142o w po\u015blizg i na zakr\u0119cie uderzy\u0142o m.in. w przydro\u017cn\u0105 barier\u0119 ochronn\u0105. Po kolizji wyst\u0119powa\u0142y godzinne utrudnienia na trasie pomi\u0119dzy Przygodzicami, a Ostrowem Wielkopolskim. Jak przyzna\u0142 odpowiedzialny za zimowe utrzymanie dr\u00f3g Artur Dekiert z Wielkopolskiego Zarz\u0105du Dr\u00f3g Wojew\u00f3dzkich w Poznaniu, &#8222;drogowcy za p\u00f3\u017ano wyjechali&#8221;, a podobne warunki na drogach utrzymuj\u0105 si\u0119 w ca\u0142ej Wielkopolsce.<\/p>\n<div id='gallery-1' class='gallery galleryid-7918 gallery-columns-3 gallery-size-thumbnail'><figure class='gallery-item'>\n\t\t\t<div class='gallery-icon landscape'>\n\t\t\t\t<a href='https:\/\/ostrowskatv.pl\/?attachment_id=7919'><img loading=\"lazy\" decoding=\"async\" width=\"150\" height=\"150\" src=\"https:\/\/ostrowskatv.pl\/wp-content\/uploads\/2018\/12\/przygodzice04-150x150.jpg\" class=\"attachment-thumbnail size-thumbnail\" alt=\"\" \/><\/a>\n\t\t\t<\/div><\/figure><figure class='gallery-item'>\n\t\t\t<div class='gallery-icon landscape'>\n\t\t\t\t<a href='https:\/\/ostrowskatv.pl\/?attachment_id=7920'><img loading=\"lazy\" decoding=\"async\" width=\"150\" height=\"150\" src=\"https:\/\/ostrowskatv.pl\/wp-content\/uploads\/2018\/12\/przygodzice03-150x150.jpg\" class=\"attachment-thumbnail size-thumbnail\" alt=\"\" \/><\/a>\n\t\t\t<\/div><\/figure><figure class='gallery-item'>\n\t\t\t<div class='gallery-icon landscape'>\n\t\t\t\t<a href='https:\/\/ostrowskatv.pl\/?attachment_id=7921'><img loading=\"lazy\" decoding=\"async\" width=\"150\" height=\"150\" src=\"https:\/\/ostrowskatv.pl\/wp-content\/uploads\/2018\/12\/przygodzice02-150x150.jpg\" class=\"attachment-thumbnail size-thumbnail\" alt=\"\" \/><\/a>\n\t\t\t<\/div><\/figure><figure class='gallery-item'>\n\t\t\t<div class='gallery-icon landscape'>\n\t\t\t\t<a href='https:\/\/ostrowskatv.pl\/?attachment_id=7922'><img loading=\"lazy\" decoding=\"async\" width=\"150\" height=\"150\" src=\"https:\/\/ostrowskatv.pl\/wp-content\/uploads\/2018\/12\/przygodzice01-150x150.jpg\" class=\"attachment-thumbnail size-thumbnail\" alt=\"\" \/><\/a>\n\t\t\t<\/div><\/figure>\n\t\t<\/div>\n\n<p>W Gorzycach Ma\u0142ych drogi by\u0142y bia\u0142e i \u015bliskie. W okolicach skrzy\u017cowania na Tarcha\u0142y zderzy\u0142y si\u0119 Mercedes oraz Renault Megane. Uczestnicy zdarzenia wyszli bez szwanku.<\/p>\n<div id='gallery-2' class='gallery galleryid-7918 gallery-columns-3 gallery-size-thumbnail'><figure class='gallery-item'>\n\t\t\t<div class='gallery-icon landscape'>\n\t\t\t\t<a href='https:\/\/ostrowskatv.pl\/?attachment_id=7923'><img loading=\"lazy\" decoding=\"async\" width=\"150\" height=\"150\" src=\"https:\/\/ostrowskatv.pl\/wp-content\/uploads\/2018\/12\/IMG_20181205_091512-150x150.jpg\" class=\"attachment-thumbnail size-thumbnail\" alt=\"\" \/><\/a>\n\t\t\t<\/div><\/figure><figure class='gallery-item'>\n\t\t\t<div class='gallery-icon landscape'>\n\t\t\t\t<a href='https:\/\/ostrowskatv.pl\/?attachment_id=7924'><img loading=\"lazy\" decoding=\"async\" width=\"150\" height=\"150\" src=\"https:\/\/ostrowskatv.pl\/wp-content\/uploads\/2018\/12\/IMG_20181205_091603-150x150.jpg\" class=\"attachment-thumbnail size-thumbnail\" alt=\"\" \/><\/a>\n\t\t\t<\/div><\/figure><figure class='gallery-item'>\n\t\t\t<div class='gallery-icon landscape'>\n\t\t\t\t<a href='https:\/\/ostrowskatv.pl\/?attachment_id=7925'><img loading=\"lazy\" decoding=\"async\" width=\"150\" height=\"150\" src=\"https:\/\/ostrowskatv.pl\/wp-content\/uploads\/2018\/12\/IMG_20181205_091640-150x150.jpg\" class=\"attachment-thumbnail size-thumbnail\" alt=\"\" \/><\/a>\n\t\t\t<\/div><\/figure><figure class='gallery-item'>\n\t\t\t<div class='gallery-icon landscape'>\n\t\t\t\t<a href='https:\/\/ostrowskatv.pl\/?attachment_id=7926'><img loading=\"lazy\" decoding=\"async\" width=\"150\" height=\"150\" src=\"https:\/\/ostrowskatv.pl\/wp-content\/uploads\/2018\/12\/IMG_20181205_091703-150x150.jpg\" class=\"attachment-thumbnail size-thumbnail\" alt=\"\" \/><\/a>\n\t\t\t<\/div><\/figure>\n\t\t<\/div>\n\n<p>Na Alei S\u0142owackiego w Ostrowie Wlkp. nowsze rocznikowo Audi wjecha\u0142o w ty\u0142 innego Audi. W aucie poszkodowanego zosta\u0142a wgnieciona klapa od baga\u017cnika, natomiast na samochodzie sprawcy nie by\u0142o mocnych \u015blad\u00f3w kolizji.<\/p>\n<div id='gallery-3' class='gallery galleryid-7918 gallery-columns-3 gallery-size-thumbnail'><figure class='gallery-item'>\n\t\t\t<div class='gallery-icon landscape'>\n\t\t\t\t<a href='https:\/\/ostrowskatv.pl\/?attachment_id=7927'><img loading=\"lazy\" decoding=\"async\" width=\"150\" height=\"150\" src=\"https:\/\/ostrowskatv.pl\/wp-content\/uploads\/2018\/12\/IMG_20181205_093445-150x150.jpg\" class=\"attachment-thumbnail size-thumbnail\" alt=\"\" \/><\/a>\n\t\t\t<\/div><\/figure>\n\t\t<\/div>\n\n<p>Do zdarzenia dosz\u0142o r\u00f3wnie\u017c w Nowych Skalmierzycach ko\u0142o komisariatu, gdzie uszkodzone zosta\u0142y dwa samochody osobowe.<\/p>\n<p>Policja ostrzega przed trudnymi warunkami na drogach. Mo\u017ce na nich zalega\u0107 trudna do zauwa\u017cenia warstwa lodu. Policjanci apeluj\u0105 do kierowc\u00f3w, by pami\u0119tali, \u017ce ze wzgl\u0119du na du\u017ce skoki temperatur, na drogach mo\u017ce zalega\u0107 cienka, trudna do zauwa\u017cenia warstwa lodu. Warto raz na jaki\u015b czas &#8211; szczeg\u00f3lnie przy d\u0142u\u017cszej trasie, poza miastem &#8211; zwolni\u0107 i sprawdzi\u0107, czy nawierzchnia ma jak\u0105kolwiek przyczepno\u015b\u0107.<\/p>\n<p>Przypominaj\u0105 tak\u017ce, \u017ce &#8211; szczeg\u00f3lnie w okresie jesienno-zimowym &#8211; noszenie kamizelek odblaskowych przez pieszych i rowerzyst\u00f3w mo\u017ce uratowa\u0107 im \u017cycie. Ka\u017cdy uczestnik ruchu drogowego, a w szczeg\u00f3lno\u015bci niechroniony uczestnik ruchu drogowego powinien pami\u0119ta\u0107, \u017ce dostrze\u017cenie jego sylwetki w warunkach, jakie mamy obecnie jest bardzo trudne. Takie osoby powinny nosi\u0107 ze sob\u0105 elementy odblaskowe.<\/p>\n","protected":false},"excerpt":{"rendered":"Od wczesnych godzinach porannych, wiele dr\u00f3g w regionie by\u0142o \u015bliskich. Skutkowa\u0142o to szeregiem kolizji, poniewa\u017c cz\u0119\u015b\u0107 kierowc\u00f3w nie dostosowa\u0142a pr\u0119dko\u015bci do warunk\u00f3w panuj\u0105cych \n<a class=\"moretag\" href=\"https:\/\/ostrowskatv.pl\/?p=7918\"> [...]<\/a>","protected":false},"author":1,"featured_media":7919,"comment_status":"open","ping_status":"closed","sticky":false,"template":"","format":"standard","meta":{"footnotes":""},"categories":[1],"tags":[2],"class_list":["post-7918","post","type-post","status-publish","format-standard","has-post-thumbnail","hentry","category-news","tag-ostrow-wielkopolski"],"_links":{"self":[{"href":"https:\/\/ostrowskatv.pl\/index.php?rest_route=\/wp\/v2\/posts\/7918","targetHints":{"allow":["GET"]}}],"collection":[{"href":"https:\/\/ostrowskatv.pl\/index.php?rest_route=\/wp\/v2\/posts"}],"about":[{"href":"https:\/\/ostrowskatv.pl\/index.php?rest_route=\/wp\/v2\/types\/post"}],"author":[{"embeddable":true,"href":"https:\/\/ostrowskatv.pl\/index.php?rest_route=\/wp\/v2\/users\/1"}],"replies":[{"embeddable":true,"href":"https:\/\/ostrowskatv.pl\/index.php?rest_route=%2Fwp%2Fv2%2Fcomments&post=7918"}],"version-history":[{"count":0,"href":"https:\/\/ostrowskatv.pl\/index.php?rest_route=\/wp\/v2\/posts\/7918\/revisions"}],"wp:featuredmedia":[{"embeddable":true,"href":"https:\/\/ostrowskatv.pl\/index.php?rest_route=\/wp\/v2\/media\/7919"}],"wp:attachment":[{"href":"https:\/\/ostrowskatv.pl\/index.php?rest_route=%2Fwp%2Fv2%2Fmedia&parent=7918"}],"wp:term":[{"taxonomy":"category","embeddable":true,"href":"https:\/\/ostrowskatv.pl\/index.php?rest_route=%2Fwp%2Fv2%2Fcategories&post=7918"},{"taxonomy":"post_tag","embeddable":true,"href":"https:\/\/ostrowskatv.pl\/index.php?rest_route=%2Fwp%2Fv2%2Ftags&post=7918"}],"curies":[{"name":"wp","href":"https:\/\/api.w.org\/{rel}","templated":true}]}}