{"id":7916,"date":"2018-12-04T20:06:52","date_gmt":"2018-12-04T19:06:52","guid":{"rendered":"http:\/\/ostrowska.tv\/?p=7916"},"modified":"2018-12-04T20:06:52","modified_gmt":"2018-12-04T19:06:52","slug":"termin-pogrzebu-romana-cegielnego","status":"publish","type":"post","link":"https:\/\/ostrowskatv.pl\/?p=7916","title":{"rendered":"Termin pogrzebu Romana Cegielnego"},"content":{"rendered":"<p><strong>Po tragicznym niedzielnym wypadku, do kt\u00f3rego dosz\u0142o na skrzy\u017cowaniu ulic Staroprzygodzkiej i Dekarskiej, wiele os\u00f3b jest wci\u0105\u017c wstrz\u0105\u015bni\u0119tych tragedi\u0105. Zgin\u0105\u0142 Roman Cegielny, by\u0142y prezes OZC, prezes Rady Nadzorczej tej sp\u00f3\u0142ki. Mia\u0142 71 lat. Dzi\u015b odby\u0142a si\u0119 prokuratorska sekcja. Termin pogrzebu wyznaczono na sobot\u0119, godzin\u0119 14:00, w kaplicy przy ul. Bema w Ostrowie Wielkopolskim.<\/strong><\/p>\n","protected":false},"excerpt":{"rendered":"Po tragicznym niedzielnym wypadku, do kt\u00f3rego dosz\u0142o na skrzy\u017cowaniu ulic Staroprzygodzkiej i Dekarskiej, wiele os\u00f3b jest wci\u0105\u017c wstrz\u0105\u015bni\u0119tych tragedi\u0105. Zgin\u0105\u0142 Roman Cegielny, by\u0142y \n<a class=\"moretag\" href=\"https:\/\/ostrowskatv.pl\/?p=7916\"> [...]<\/a>","protected":false},"author":1,"featured_media":0,"comment_status":"open","ping_status":"closed","sticky":false,"template":"","format":"standard","meta":{"footnotes":""},"categories":[1],"tags":[2],"class_list":["post-7916","post","type-post","status-publish","format-standard","hentry","category-news","tag-ostrow-wielkopolski"],"_links":{"self":[{"href":"https:\/\/ostrowskatv.pl\/index.php?rest_route=\/wp\/v2\/posts\/7916","targetHints":{"allow":["GET"]}}],"collection":[{"href":"https:\/\/ostrowskatv.pl\/index.php?rest_route=\/wp\/v2\/posts"}],"about":[{"href":"https:\/\/ostrowskatv.pl\/index.php?rest_route=\/wp\/v2\/types\/post"}],"author":[{"embeddable":true,"href":"https:\/\/ostrowskatv.pl\/index.php?rest_route=\/wp\/v2\/users\/1"}],"replies":[{"embeddable":true,"href":"https:\/\/ostrowskatv.pl\/index.php?rest_route=%2Fwp%2Fv2%2Fcomments&post=7916"}],"version-history":[{"count":0,"href":"https:\/\/ostrowskatv.pl\/index.php?rest_route=\/wp\/v2\/posts\/7916\/revisions"}],"wp:attachment":[{"href":"https:\/\/ostrowskatv.pl\/index.php?rest_route=%2Fwp%2Fv2%2Fmedia&parent=7916"}],"wp:term":[{"taxonomy":"category","embeddable":true,"href":"https:\/\/ostrowskatv.pl\/index.php?rest_route=%2Fwp%2Fv2%2Fcategories&post=7916"},{"taxonomy":"post_tag","embeddable":true,"href":"https:\/\/ostrowskatv.pl\/index.php?rest_route=%2Fwp%2Fv2%2Ftags&post=7916"}],"curies":[{"name":"wp","href":"https:\/\/api.w.org\/{rel}","templated":true}]}}