{"id":7885,"date":"2018-11-29T20:23:13","date_gmt":"2018-11-29T19:23:13","guid":{"rendered":"http:\/\/ostrowska.tv\/?p=7885"},"modified":"2018-11-29T20:23:13","modified_gmt":"2018-11-29T19:23:13","slug":"niesamowity-samochod-z-ostrowa-na-aukcje-wosp","status":"publish","type":"post","link":"https:\/\/ostrowskatv.pl\/?p=7885","title":{"rendered":"Niesamowity samoch\u00f3d z Ostrowa na aukcj\u0119 WO\u015aP"},"content":{"rendered":"<p><strong>Niesamowicie pomalowany samoch\u00f3d Volkswagen Golf III trafi na aukcj\u0119 nadchodz\u0105cego fina\u0142u WO\u015aP. Dzisiaj oficjalnie go zaprezentowano w salonie firmy Proffesional przy ul. Pozna\u0144skiej, gdzie zabezpieczono pow\u0142ok\u0119 lakiernicz\u0105 i dopieszczono detale. Samoch\u00f3d aerografem pomalowa\u0142 znany ostrzeszowski artysta Szymon Chwalisz. Ten sam, kt\u00f3ry od lat przygotowuje wyj\u0105tkowo pomalowane gitary.\u00a0<\/strong><\/p>\n<p>Grafiki przedstawiaj\u0105 symbole z lat 80. Dlaczego z tamtego okresu? Poniewa\u017c jest to wsp\u00f3lny mianownik wieku auta oraz inicjator\u00f3w aukcji Filipa Chajzera z TVN i wspomnianego Szymona Chwalisza. Pierwsze grafiki powsta\u0142y na poprzednim festiwalu Pol`and`Rock Festival (dawny Woodstock). Filip Chajzer dostarczy\u0142 samoch\u00f3d w ramach wsp\u00f3\u0142pracy z koncernem, a Szymon przez 3 miesi\u0105ce go malowa\u0142. Dzi\u015b doczekali\u015bmy si\u0119 oficjalnej prezentacji powsta\u0142ego dzie\u0142a. Ju\u017c jutro z samego rana pojedzie do Warszawy, gdzie trafi\u0142 na aukcje WO\u015aP jako jeden z pierwszych przedmiot\u00f3w.<\/p>\n<p>Na karoserii auta mo\u017cemy zobaczy\u0107 Kevina, Terminatora, Alfa, czy Teleranek.<\/p>\n<div id='gallery-1' class='gallery galleryid-7885 gallery-columns-3 gallery-size-thumbnail'><figure class='gallery-item'>\n\t\t\t<div class='gallery-icon landscape'>\n\t\t\t\t<a href='https:\/\/ostrowskatv.pl\/?attachment_id=7891'><img loading=\"lazy\" decoding=\"async\" width=\"150\" height=\"150\" src=\"https:\/\/ostrowskatv.pl\/wp-content\/uploads\/2018\/11\/IMG_20181129_191748-150x150.jpg\" class=\"attachment-thumbnail size-thumbnail\" alt=\"\" \/><\/a>\n\t\t\t<\/div><\/figure><figure class='gallery-item'>\n\t\t\t<div class='gallery-icon landscape'>\n\t\t\t\t<a href='https:\/\/ostrowskatv.pl\/?attachment_id=7892'><img loading=\"lazy\" decoding=\"async\" width=\"150\" height=\"150\" src=\"https:\/\/ostrowskatv.pl\/wp-content\/uploads\/2018\/11\/IMG_20181129_191755-150x150.jpg\" class=\"attachment-thumbnail size-thumbnail\" alt=\"\" \/><\/a>\n\t\t\t<\/div><\/figure><figure class='gallery-item'>\n\t\t\t<div class='gallery-icon landscape'>\n\t\t\t\t<a href='https:\/\/ostrowskatv.pl\/?attachment_id=7893'><img loading=\"lazy\" decoding=\"async\" width=\"150\" height=\"150\" src=\"https:\/\/ostrowskatv.pl\/wp-content\/uploads\/2018\/11\/IMG_20181129_191804-150x150.jpg\" class=\"attachment-thumbnail size-thumbnail\" alt=\"\" \/><\/a>\n\t\t\t<\/div><\/figure><figure class='gallery-item'>\n\t\t\t<div class='gallery-icon landscape'>\n\t\t\t\t<a href='https:\/\/ostrowskatv.pl\/?attachment_id=7889'><img loading=\"lazy\" decoding=\"async\" width=\"150\" height=\"150\" src=\"https:\/\/ostrowskatv.pl\/wp-content\/uploads\/2018\/11\/IMG_20181129_191837-150x150.jpg\" class=\"attachment-thumbnail size-thumbnail\" alt=\"\" \/><\/a>\n\t\t\t<\/div><\/figure><figure class='gallery-item'>\n\t\t\t<div class='gallery-icon landscape'>\n\t\t\t\t<a href='https:\/\/ostrowskatv.pl\/?attachment_id=7890'><img loading=\"lazy\" decoding=\"async\" width=\"150\" height=\"150\" src=\"https:\/\/ostrowskatv.pl\/wp-content\/uploads\/2018\/11\/IMG_20181129_191742-150x150.jpg\" class=\"attachment-thumbnail size-thumbnail\" alt=\"\" \/><\/a>\n\t\t\t<\/div><\/figure><figure class='gallery-item'>\n\t\t\t<div class='gallery-icon landscape'>\n\t\t\t\t<a href='https:\/\/ostrowskatv.pl\/?attachment_id=7886'><img loading=\"lazy\" decoding=\"async\" width=\"150\" height=\"150\" src=\"https:\/\/ostrowskatv.pl\/wp-content\/uploads\/2018\/11\/IMG_20181129_191818-150x150.jpg\" class=\"attachment-thumbnail size-thumbnail\" alt=\"\" \/><\/a>\n\t\t\t<\/div><\/figure><figure class='gallery-item'>\n\t\t\t<div class='gallery-icon landscape'>\n\t\t\t\t<a href='https:\/\/ostrowskatv.pl\/?attachment_id=7887'><img loading=\"lazy\" decoding=\"async\" width=\"150\" height=\"150\" src=\"https:\/\/ostrowskatv.pl\/wp-content\/uploads\/2018\/11\/IMG_20181129_191825-150x150.jpg\" class=\"attachment-thumbnail size-thumbnail\" alt=\"\" \/><\/a>\n\t\t\t<\/div><\/figure><figure class='gallery-item'>\n\t\t\t<div class='gallery-icon landscape'>\n\t\t\t\t<a href='https:\/\/ostrowskatv.pl\/?attachment_id=7888'><img loading=\"lazy\" decoding=\"async\" width=\"150\" height=\"150\" src=\"https:\/\/ostrowskatv.pl\/wp-content\/uploads\/2018\/11\/IMG_20181129_182433-150x150.jpg\" class=\"attachment-thumbnail size-thumbnail\" alt=\"\" \/><\/a>\n\t\t\t<\/div><\/figure>\n\t\t<\/div>\n\n","protected":false},"excerpt":{"rendered":"Niesamowicie pomalowany samoch\u00f3d Volkswagen Golf III trafi na aukcj\u0119 nadchodz\u0105cego fina\u0142u WO\u015aP. Dzisiaj oficjalnie go zaprezentowano w salonie firmy Proffesional przy ul. Pozna\u0144skiej, \n<a class=\"moretag\" href=\"https:\/\/ostrowskatv.pl\/?p=7885\"> [...]<\/a>","protected":false},"author":1,"featured_media":7889,"comment_status":"open","ping_status":"closed","sticky":false,"template":"","format":"standard","meta":{"footnotes":""},"categories":[1],"tags":[2],"class_list":["post-7885","post","type-post","status-publish","format-standard","has-post-thumbnail","hentry","category-news","tag-ostrow-wielkopolski"],"_links":{"self":[{"href":"https:\/\/ostrowskatv.pl\/index.php?rest_route=\/wp\/v2\/posts\/7885","targetHints":{"allow":["GET"]}}],"collection":[{"href":"https:\/\/ostrowskatv.pl\/index.php?rest_route=\/wp\/v2\/posts"}],"about":[{"href":"https:\/\/ostrowskatv.pl\/index.php?rest_route=\/wp\/v2\/types\/post"}],"author":[{"embeddable":true,"href":"https:\/\/ostrowskatv.pl\/index.php?rest_route=\/wp\/v2\/users\/1"}],"replies":[{"embeddable":true,"href":"https:\/\/ostrowskatv.pl\/index.php?rest_route=%2Fwp%2Fv2%2Fcomments&post=7885"}],"version-history":[{"count":0,"href":"https:\/\/ostrowskatv.pl\/index.php?rest_route=\/wp\/v2\/posts\/7885\/revisions"}],"wp:featuredmedia":[{"embeddable":true,"href":"https:\/\/ostrowskatv.pl\/index.php?rest_route=\/wp\/v2\/media\/7889"}],"wp:attachment":[{"href":"https:\/\/ostrowskatv.pl\/index.php?rest_route=%2Fwp%2Fv2%2Fmedia&parent=7885"}],"wp:term":[{"taxonomy":"category","embeddable":true,"href":"https:\/\/ostrowskatv.pl\/index.php?rest_route=%2Fwp%2Fv2%2Fcategories&post=7885"},{"taxonomy":"post_tag","embeddable":true,"href":"https:\/\/ostrowskatv.pl\/index.php?rest_route=%2Fwp%2Fv2%2Ftags&post=7885"}],"curies":[{"name":"wp","href":"https:\/\/api.w.org\/{rel}","templated":true}]}}