{"id":7874,"date":"2018-11-28T14:45:33","date_gmt":"2018-11-28T13:45:33","guid":{"rendered":"http:\/\/ostrowska.tv\/?p=7874"},"modified":"2018-11-28T14:45:33","modified_gmt":"2018-11-28T13:45:33","slug":"mial-poparzone-90-ciala-to-cud-ze-przezyl","status":"publish","type":"post","link":"https:\/\/ostrowskatv.pl\/?p=7874","title":{"rendered":"Mia\u0142 poparzone 90% cia\u0142a. To cud, \u017ce prze\u017cy\u0142!"},"content":{"rendered":"<p><strong>13-letni Janek z L\u0119borka nie mia\u0142a prawa prze\u017cy\u0107. W wyniku po\u017caru kamienicy, do kt\u00f3rego dosz\u0142o w nocy z 30 wrze\u015bnia na 1 pa\u017adziernika br., dozna\u0142 poparze\u0144 90% cia\u0142a. P\u0142omienie ognia jedynie nie dotkn\u0119\u0142y obszar\u00f3w pod pachami, pod majtami i spodu st\u00f3p. Dodatkowo poparzone zosta\u0142y drogi oddechowe. Obecnie Janek przebywa na oddziale Wielkopolskiego Centrum Oparze\u0144 mieszcz\u0105cego si\u0119 w ostrowskim szpitalu.\u00a0<\/strong><\/p>\n<p>Poszkodowanego przetransportowano 1 pa\u017adziernika z gda\u0144skiego szpitala \u015bmig\u0142owcami do Ostrowa Wielkopolskiego. Tu rozpocz\u0119\u0142a si\u0119 jego walka o \u017cycie. Pobrano nask\u00f3rek do przeszczepu m.in. od matki. Najgorsze by\u0142y pierwsze dni, kiedy reakcja organizmu jest zbyt silna i doprowadza do \u015bmierci pacjenta. Nale\u017ca\u0142o podawa\u0107 spore dawki przeciwb\u00f3lowe. Na szcz\u0119\u015bcie po intensywnej terapii, Janek zosta\u0142 wybudzony i m\u00f3g\u0142 zobaczy\u0107 si\u0119 z najukocha\u0144sz\u0105 matk\u0105. Pani Wioletta w pewnym momencie przygotowa\u0142a si\u0119 na jego \u015bmier\u0107, poniewa\u017c dotychczasowa medycyna nie pozostawia\u0142a z\u0142udze\u0144. 13-latek nie mia\u0142 prawa prze\u017cy\u0107. A jednak uda\u0142o si\u0119. To jednak nie koniec jego drogi przez m\u0119k\u0119. Czeka go bardzo d\u0142uga i kosztowna rehabilitacja.\u00a0Ostrowscy lekarze za kilka tygodni zaczn\u0105 rozwa\u017ca\u0107 mo\u017cliwo\u015b\u0107 przetransportowania ch\u0142opca do szpitala znajduj\u0105cego si\u0119 bli\u017cej rodziny.<\/p>\n<p>Mniej szcz\u0119\u015bcia mia\u0142a 16-letnia siostra Janka, kt\u00f3ra pomimo o po\u0142ow\u0119 mniejszych oparze\u0144, zmar\u0142a kilka dni po zdarzeniu. Po czasie wiadomo, \u017ce ogie\u0144 pod\u0142o\u017cy\u0142 18-latek, by\u0142y partner jednej z mieszkanek kamienicy.<\/p>\n<div id='gallery-1' class='gallery galleryid-7874 gallery-columns-3 gallery-size-thumbnail'><figure class='gallery-item'>\n\t\t\t<div class='gallery-icon landscape'>\n\t\t\t\t<a href='https:\/\/ostrowskatv.pl\/?attachment_id=7875'><img loading=\"lazy\" decoding=\"async\" width=\"150\" height=\"150\" src=\"https:\/\/ostrowskatv.pl\/wp-content\/uploads\/2018\/11\/poparzony9-150x150.jpg\" class=\"attachment-thumbnail size-thumbnail\" alt=\"\" \/><\/a>\n\t\t\t<\/div><\/figure><figure class='gallery-item'>\n\t\t\t<div class='gallery-icon landscape'>\n\t\t\t\t<a href='https:\/\/ostrowskatv.pl\/?attachment_id=7876'><img loading=\"lazy\" decoding=\"async\" width=\"150\" height=\"150\" src=\"https:\/\/ostrowskatv.pl\/wp-content\/uploads\/2018\/11\/poparzony8-150x150.jpg\" class=\"attachment-thumbnail size-thumbnail\" alt=\"\" \/><\/a>\n\t\t\t<\/div><\/figure><figure class='gallery-item'>\n\t\t\t<div class='gallery-icon landscape'>\n\t\t\t\t<a href='https:\/\/ostrowskatv.pl\/?attachment_id=7877'><img loading=\"lazy\" decoding=\"async\" width=\"150\" height=\"150\" src=\"https:\/\/ostrowskatv.pl\/wp-content\/uploads\/2018\/11\/poparzony7-150x150.jpg\" class=\"attachment-thumbnail size-thumbnail\" alt=\"\" \/><\/a>\n\t\t\t<\/div><\/figure><figure class='gallery-item'>\n\t\t\t<div class='gallery-icon landscape'>\n\t\t\t\t<a href='https:\/\/ostrowskatv.pl\/?attachment_id=7878'><img loading=\"lazy\" decoding=\"async\" width=\"150\" height=\"150\" src=\"https:\/\/ostrowskatv.pl\/wp-content\/uploads\/2018\/11\/poparzony6-150x150.jpg\" class=\"attachment-thumbnail size-thumbnail\" alt=\"\" \/><\/a>\n\t\t\t<\/div><\/figure><figure class='gallery-item'>\n\t\t\t<div class='gallery-icon landscape'>\n\t\t\t\t<a href='https:\/\/ostrowskatv.pl\/?attachment_id=7879'><img loading=\"lazy\" decoding=\"async\" width=\"150\" height=\"150\" src=\"https:\/\/ostrowskatv.pl\/wp-content\/uploads\/2018\/11\/poparzony5-150x150.jpg\" class=\"attachment-thumbnail size-thumbnail\" alt=\"\" \/><\/a>\n\t\t\t<\/div><\/figure><figure class='gallery-item'>\n\t\t\t<div class='gallery-icon landscape'>\n\t\t\t\t<a href='https:\/\/ostrowskatv.pl\/?attachment_id=7881'><img loading=\"lazy\" decoding=\"async\" width=\"150\" height=\"150\" src=\"https:\/\/ostrowskatv.pl\/wp-content\/uploads\/2018\/11\/poparzony3-150x150.jpg\" class=\"attachment-thumbnail size-thumbnail\" alt=\"\" \/><\/a>\n\t\t\t<\/div><\/figure><figure class='gallery-item'>\n\t\t\t<div class='gallery-icon landscape'>\n\t\t\t\t<a href='https:\/\/ostrowskatv.pl\/?attachment_id=7882'><img loading=\"lazy\" decoding=\"async\" width=\"150\" height=\"150\" src=\"https:\/\/ostrowskatv.pl\/wp-content\/uploads\/2018\/11\/poparzony2-150x150.jpg\" class=\"attachment-thumbnail size-thumbnail\" alt=\"\" \/><\/a>\n\t\t\t<\/div><\/figure><figure class='gallery-item'>\n\t\t\t<div class='gallery-icon landscape'>\n\t\t\t\t<a href='https:\/\/ostrowskatv.pl\/?attachment_id=7883'><img loading=\"lazy\" decoding=\"async\" width=\"150\" height=\"150\" src=\"https:\/\/ostrowskatv.pl\/wp-content\/uploads\/2018\/11\/poparzony1-150x150.jpg\" class=\"attachment-thumbnail size-thumbnail\" alt=\"\" \/><\/a>\n\t\t\t<\/div><\/figure>\n\t\t<\/div>\n\n","protected":false},"excerpt":{"rendered":"13-letni Janek z L\u0119borka nie mia\u0142a prawa prze\u017cy\u0107. W wyniku po\u017caru kamienicy, do kt\u00f3rego dosz\u0142o w nocy z 30 wrze\u015bnia na 1 pa\u017adziernika \n<a class=\"moretag\" href=\"https:\/\/ostrowskatv.pl\/?p=7874\"> [...]<\/a>","protected":false},"author":1,"featured_media":7879,"comment_status":"open","ping_status":"closed","sticky":false,"template":"","format":"standard","meta":{"footnotes":""},"categories":[1],"tags":[2],"class_list":["post-7874","post","type-post","status-publish","format-standard","has-post-thumbnail","hentry","category-news","tag-ostrow-wielkopolski"],"_links":{"self":[{"href":"https:\/\/ostrowskatv.pl\/index.php?rest_route=\/wp\/v2\/posts\/7874","targetHints":{"allow":["GET"]}}],"collection":[{"href":"https:\/\/ostrowskatv.pl\/index.php?rest_route=\/wp\/v2\/posts"}],"about":[{"href":"https:\/\/ostrowskatv.pl\/index.php?rest_route=\/wp\/v2\/types\/post"}],"author":[{"embeddable":true,"href":"https:\/\/ostrowskatv.pl\/index.php?rest_route=\/wp\/v2\/users\/1"}],"replies":[{"embeddable":true,"href":"https:\/\/ostrowskatv.pl\/index.php?rest_route=%2Fwp%2Fv2%2Fcomments&post=7874"}],"version-history":[{"count":0,"href":"https:\/\/ostrowskatv.pl\/index.php?rest_route=\/wp\/v2\/posts\/7874\/revisions"}],"wp:featuredmedia":[{"embeddable":true,"href":"https:\/\/ostrowskatv.pl\/index.php?rest_route=\/wp\/v2\/media\/7879"}],"wp:attachment":[{"href":"https:\/\/ostrowskatv.pl\/index.php?rest_route=%2Fwp%2Fv2%2Fmedia&parent=7874"}],"wp:term":[{"taxonomy":"category","embeddable":true,"href":"https:\/\/ostrowskatv.pl\/index.php?rest_route=%2Fwp%2Fv2%2Fcategories&post=7874"},{"taxonomy":"post_tag","embeddable":true,"href":"https:\/\/ostrowskatv.pl\/index.php?rest_route=%2Fwp%2Fv2%2Ftags&post=7874"}],"curies":[{"name":"wp","href":"https:\/\/api.w.org\/{rel}","templated":true}]}}