{"id":7870,"date":"2018-11-26T15:29:44","date_gmt":"2018-11-26T14:29:44","guid":{"rendered":"http:\/\/ostrowska.tv\/?p=7870"},"modified":"2018-11-26T15:29:44","modified_gmt":"2018-11-26T14:29:44","slug":"odkryli-historyczny-element-z-1863-roku","status":"publish","type":"post","link":"https:\/\/ostrowskatv.pl\/?p=7870","title":{"rendered":"Odkryli historyczny element z 1863 roku"},"content":{"rendered":"<p><strong>Podczas prac remontowanych odbywaj\u0105cych si\u0119 w ostrowskim Areszcie \u015aledczym odkryto pierwsze wej\u015bcie do budynku i zagradzaj\u0105c\u0105 je krat\u0119. Jest to ciekawy historyczny element konstrukcyjny, zwa\u017cywszy, \u017ce pochodzi z 1863 roku.<\/strong><\/p>\n<p>Tak stara konstrukcja wynika z faktu, \u017ce budynek Aresztu \u015aledczego by\u0142 jedn\u0105 z najstarszych budowli, kt\u00f3ra przetrwa\u0142a do dzisiaj. Trwaj\u0105ca od miesi\u0119cy modernizacja dostosowuje istniej\u0105cy obiekt do standard\u00f3w XXI wieku. To w\u0142a\u015bnie w ramach prac budowlanych odkryto kawa\u0142 historii. Podj\u0119to decyzj\u0119 o jego odrestaurowaniu i wyeksponowaniu.<\/p>\n<div id='gallery-1' class='gallery galleryid-7870 gallery-columns-3 gallery-size-thumbnail'><figure class='gallery-item'>\n\t\t\t<div class='gallery-icon landscape'>\n\t\t\t\t<a href='https:\/\/ostrowskatv.pl\/?attachment_id=7871'><img loading=\"lazy\" decoding=\"async\" width=\"150\" height=\"150\" src=\"https:\/\/ostrowskatv.pl\/wp-content\/uploads\/2018\/11\/Krata-1-150x150.jpg\" class=\"attachment-thumbnail size-thumbnail\" alt=\"\" \/><\/a>\n\t\t\t<\/div><\/figure><figure class='gallery-item'>\n\t\t\t<div class='gallery-icon portrait'>\n\t\t\t\t<a href='https:\/\/ostrowskatv.pl\/?attachment_id=7872'><img loading=\"lazy\" decoding=\"async\" width=\"150\" height=\"150\" src=\"https:\/\/ostrowskatv.pl\/wp-content\/uploads\/2018\/11\/Krata2-150x150.jpg\" class=\"attachment-thumbnail size-thumbnail\" alt=\"\" \/><\/a>\n\t\t\t<\/div><\/figure>\n\t\t<\/div>\n\n","protected":false},"excerpt":{"rendered":"Podczas prac remontowanych odbywaj\u0105cych si\u0119 w ostrowskim Areszcie \u015aledczym odkryto pierwsze wej\u015bcie do budynku i zagradzaj\u0105c\u0105 je krat\u0119. Jest to ciekawy historyczny element \n<a class=\"moretag\" href=\"https:\/\/ostrowskatv.pl\/?p=7870\"> [...]<\/a>","protected":false},"author":1,"featured_media":7872,"comment_status":"open","ping_status":"closed","sticky":false,"template":"","format":"standard","meta":{"footnotes":""},"categories":[1],"tags":[2],"class_list":["post-7870","post","type-post","status-publish","format-standard","has-post-thumbnail","hentry","category-news","tag-ostrow-wielkopolski"],"_links":{"self":[{"href":"https:\/\/ostrowskatv.pl\/index.php?rest_route=\/wp\/v2\/posts\/7870","targetHints":{"allow":["GET"]}}],"collection":[{"href":"https:\/\/ostrowskatv.pl\/index.php?rest_route=\/wp\/v2\/posts"}],"about":[{"href":"https:\/\/ostrowskatv.pl\/index.php?rest_route=\/wp\/v2\/types\/post"}],"author":[{"embeddable":true,"href":"https:\/\/ostrowskatv.pl\/index.php?rest_route=\/wp\/v2\/users\/1"}],"replies":[{"embeddable":true,"href":"https:\/\/ostrowskatv.pl\/index.php?rest_route=%2Fwp%2Fv2%2Fcomments&post=7870"}],"version-history":[{"count":0,"href":"https:\/\/ostrowskatv.pl\/index.php?rest_route=\/wp\/v2\/posts\/7870\/revisions"}],"wp:featuredmedia":[{"embeddable":true,"href":"https:\/\/ostrowskatv.pl\/index.php?rest_route=\/wp\/v2\/media\/7872"}],"wp:attachment":[{"href":"https:\/\/ostrowskatv.pl\/index.php?rest_route=%2Fwp%2Fv2%2Fmedia&parent=7870"}],"wp:term":[{"taxonomy":"category","embeddable":true,"href":"https:\/\/ostrowskatv.pl\/index.php?rest_route=%2Fwp%2Fv2%2Fcategories&post=7870"},{"taxonomy":"post_tag","embeddable":true,"href":"https:\/\/ostrowskatv.pl\/index.php?rest_route=%2Fwp%2Fv2%2Ftags&post=7870"}],"curies":[{"name":"wp","href":"https:\/\/api.w.org\/{rel}","templated":true}]}}