{"id":786,"date":"2016-04-10T16:12:12","date_gmt":"2016-04-10T15:12:12","guid":{"rendered":"http:\/\/ostrowska.tv\/?p=786"},"modified":"2016-04-10T16:12:33","modified_gmt":"2016-04-10T15:12:33","slug":"beda-sciagac-bezdomnych-z-kalisza","status":"publish","type":"post","link":"https:\/\/ostrowskatv.pl\/?p=786","title":{"rendered":"Bezdomni z Kalisza maj\u0105 trafia\u0107 do Ostrowa!"},"content":{"rendered":"<p><strong>Bezdomni z Kalisza w Ostrowie Wielkopolskim. Brzmi ma\u0142o logicznie? By\u0107 mo\u017ce, ale tak w\u0142a\u015bnie b\u0119dzie. Na razie problem nie jest jeszcze tak du\u017cy, ale za rok konsekwencje mog\u0105 by\u0107 ju\u017c powa\u017cniejsze.<\/strong><\/p>\n<p>Kaliscy bezdomni mieliby przebywa\u0107 w budynku, kt\u00f3ry obecnie przekazano Caritasowi przy ulicy Led\u00f3chowskiego (zabytkowy budynek z kompleksu konkatedry), kt\u00f3ry pocz\u0105tkowo mia\u0142 pe\u0142ni\u0107 tylko rol\u0119 sto\u0142\u00f3wki. Koncepcja si\u0119 jednak zmieni\u0142a i wkr\u00f3tce z tego powodu mo\u017ce pojawi\u0107 si\u0119 powa\u017cny problem. Dlaczego?<\/p>\n<p>W\u0142adze Kalisza uzna\u0142y bowiem, \u017ce w ich mie\u015bcie dla bezdomnych nie ma miejsca w istniej\u0105cych ju\u017c plac\u00f3wkach. Zamierzaj\u0105 przewie\u017a\u0107 ich do Ostrowa do wspomnianego wy\u017cej budynku. Dla naszego miasta mo\u017ce oznacza\u0107 to du\u017cy k\u0142opot ju\u017c w przysz\u0142ym roku. Straci\u0107 z tego powodu mo\u017ce przede wszystkim Dom dla bezdomnych m\u0119\u017cczyzn im. \u015bw. Brata Alberta, kt\u00f3ry otrzymuje na swoj\u0105 dzia\u0142alno\u015b\u0107 z miejskiej kasy blisko 170 tysi\u0119cy z\u0142otych rocznie.<\/p>\n<p>Ta plac\u00f3wka dzia\u0142a jako noclegownia i schronisko. W pierwszym przypadku pieni\u0105dze na swoj\u0105 dzia\u0142alno\u015b\u0107 ma od gminy. Za \u015bwiadczenie us\u0142ug na drugim polu p\u0142aci w\u0142a\u015bciwy oddzia\u0142 MOPS (decyduje ostatnie miejsce meldunku bezdomnego).<\/p>\n<p>Co mo\u017ce si\u0119 zdarzy\u0107 za rok? Caritas mo\u017ce wystartowa\u0107 w konkursie i odebra\u0107 Domowi im. \u015bw. Brata Alberta cz\u0119\u015b\u0107 pieni\u0119dzy na dzia\u0142alno\u015b\u0107, kt\u00f3re pochodz\u0105 ze \u015brodk\u00f3w Urz\u0119du Miejskiego w Ostrowie Wielkopolskim. Przedstawiciele ostrowskiej plac\u00f3wki s\u0105 bardzo zaniepokojeni ca\u0142\u0105 sytuacj\u0105. &#8211; Uwa\u017camy, \u017ce nasza dzia\u0142alno\u015b\u0107 zaspokaja w stu procentach potrzeby Ostrowa Wielkopolskiego. Nale\u017cy pami\u0119ta\u0107, \u017ce liczba bezdomnych maleje, a nie wzrasta. Je\u015bli za rok otrzymamy mniejsze wsparcie, to mo\u017cemy si\u0119 nie utrzyma\u0107. W naszym przypadku du\u017c\u0105 cz\u0119\u015b\u0107 koszt\u00f3w ma bowiem charakter sta\u0142y \u2013 t\u0142umaczy Emilia Szymandera, kierownik Domu Pomocy im. \u015bw. Brata Alberta w Ostrowie Wielkopolskim.<\/p>\n<p>Warto powiedzie\u0107, \u017ce Caritas sw\u00f3j dom dla bezdomnych m\u0119\u017cczyzn prowadzi od pocz\u0105tku tego roku. Pieni\u0105dze na ten cel otrzymuje z kaliskiego magistratu ju\u017c od stycznia, ale w ostatnich miesi\u0105cach w plac\u00f3wce nic si\u0119 nie dzia\u0142o. Dopiero w ostatnich tygodniach zosta\u0142y do niej przyj\u0119te pierwsze osoby. Sytuacja jest w tej chwili niezrozumia\u0142a. W Kaliszu funkcjonuj\u0105 inne instytucje, kt\u00f3re powinny poradzi\u0107 sobie z problemem bezdomno\u015bci. Tymczasem rozwi\u0105zaniem ma by\u0107 przeniesienie bezdomnych do Ostrowa. Pewno\u015bci, \u017ce plac\u00f3wka przyst\u0105pi za rok do konkursu w naszym mie\u015bcie i wyci\u0105gnie r\u0119ce po miejskie pieni\u0105dze nie ma. Istnieje jednak powa\u017cne ryzyko, \u017ce tak si\u0119 w\u0142a\u015bnie stanie. Do ca\u0142ej sprawy b\u0119dziemy wraca\u0107 w najbli\u017cszych dniach.<\/p>\n<p><strong>Zach\u0119camy do dyskusji w komentarzach.<\/strong><\/p>\n","protected":false},"excerpt":{"rendered":"Bezdomni z Kalisza w Ostrowie Wielkopolskim. Brzmi ma\u0142o logicznie? By\u0107 mo\u017ce, ale tak w\u0142a\u015bnie b\u0119dzie. Na razie problem nie jest jeszcze tak du\u017cy, \n<a class=\"moretag\" href=\"https:\/\/ostrowskatv.pl\/?p=786\"> [...]<\/a>","protected":false},"author":1,"featured_media":787,"comment_status":"open","ping_status":"open","sticky":false,"template":"","format":"standard","meta":{"footnotes":""},"categories":[1],"tags":[2],"class_list":["post-786","post","type-post","status-publish","format-standard","has-post-thumbnail","hentry","category-news","tag-ostrow-wielkopolski"],"_links":{"self":[{"href":"https:\/\/ostrowskatv.pl\/index.php?rest_route=\/wp\/v2\/posts\/786","targetHints":{"allow":["GET"]}}],"collection":[{"href":"https:\/\/ostrowskatv.pl\/index.php?rest_route=\/wp\/v2\/posts"}],"about":[{"href":"https:\/\/ostrowskatv.pl\/index.php?rest_route=\/wp\/v2\/types\/post"}],"author":[{"embeddable":true,"href":"https:\/\/ostrowskatv.pl\/index.php?rest_route=\/wp\/v2\/users\/1"}],"replies":[{"embeddable":true,"href":"https:\/\/ostrowskatv.pl\/index.php?rest_route=%2Fwp%2Fv2%2Fcomments&post=786"}],"version-history":[{"count":0,"href":"https:\/\/ostrowskatv.pl\/index.php?rest_route=\/wp\/v2\/posts\/786\/revisions"}],"wp:featuredmedia":[{"embeddable":true,"href":"https:\/\/ostrowskatv.pl\/index.php?rest_route=\/wp\/v2\/media\/787"}],"wp:attachment":[{"href":"https:\/\/ostrowskatv.pl\/index.php?rest_route=%2Fwp%2Fv2%2Fmedia&parent=786"}],"wp:term":[{"taxonomy":"category","embeddable":true,"href":"https:\/\/ostrowskatv.pl\/index.php?rest_route=%2Fwp%2Fv2%2Fcategories&post=786"},{"taxonomy":"post_tag","embeddable":true,"href":"https:\/\/ostrowskatv.pl\/index.php?rest_route=%2Fwp%2Fv2%2Ftags&post=786"}],"curies":[{"name":"wp","href":"https:\/\/api.w.org\/{rel}","templated":true}]}}