{"id":7851,"date":"2018-11-22T16:15:54","date_gmt":"2018-11-22T15:15:54","guid":{"rendered":"http:\/\/ostrowska.tv\/?p=7851"},"modified":"2018-11-22T16:16:25","modified_gmt":"2018-11-22T15:16:25","slug":"napruty-wedkarz-jechal-autem","status":"publish","type":"post","link":"https:\/\/ostrowskatv.pl\/?p=7851","title":{"rendered":"Napruty w\u0119dkarz jecha\u0142 autem"},"content":{"rendered":"<p><strong>W\u0119dkarze to ta grupa spo\u0142ecze\u0144stwa, kt\u00f3ra w du\u017cym skupieniu i ciszy wyczekuje swoich ofiar, w postaci ryb. Jeden z nich ju\u017c po w\u0119dkowaniu wsiad\u0142 w samoch\u00f3d Ford i postanowi\u0142 nim kierowa\u0107. W g\u0142\u0119bokim powa\u017caniu mia\u0142 fakt, \u017ce wcze\u015bniej musia\u0142 wypi\u0107 spor\u0105 ilo\u015b\u0107 alkoholu. Alkomat by\u0142 bezlitosny: 1,6 promila! Do zatrzymania dosz\u0142o na ul. Sienkiewicza w Ostrowie Wlkp.<\/strong><\/p>\n<p>Przy radiowozie m\u0119\u017cczyzna ledwo trzyma\u0142 si\u0119 na nogach. Skutek jest taki, \u017ce:<\/p>\n<p>&#8211; Jest to przest\u0119pstwo,<br \/>\n&#8211; 10 pkt karnych,<br \/>\n&#8211; grzywna uzale\u017cniona od dochod\u00f3w od 5000 z\u0142 do 60 tys. z\u0142 na rzecz Funduszu Pomocy Pokrzywdzonym oraz Pomocy Postpenitencjarnej,<br \/>\n&#8211; do 2 lat pozbawienia wolno\u015bci (do 12 lat recydywi\u015bci i sprawcy wypadk\u00f3w \u015bmiertelnych),<br \/>\n&#8211; od 3 lat zakazu prowadzenia pojazd\u00f3w.<\/p>\n<div id='gallery-1' class='gallery galleryid-7851 gallery-columns-3 gallery-size-thumbnail'><figure class='gallery-item'>\n\t\t\t<div class='gallery-icon landscape'>\n\t\t\t\t<a href='https:\/\/ostrowskatv.pl\/?attachment_id=7852'><img loading=\"lazy\" decoding=\"async\" width=\"150\" height=\"150\" src=\"https:\/\/ostrowskatv.pl\/wp-content\/uploads\/2018\/11\/IMG_20181122_152321-150x150.jpg\" class=\"attachment-thumbnail size-thumbnail\" alt=\"\" \/><\/a>\n\t\t\t<\/div><\/figure><figure class='gallery-item'>\n\t\t\t<div class='gallery-icon landscape'>\n\t\t\t\t<a href='https:\/\/ostrowskatv.pl\/?attachment_id=7853'><img loading=\"lazy\" decoding=\"async\" width=\"150\" height=\"150\" src=\"https:\/\/ostrowskatv.pl\/wp-content\/uploads\/2018\/11\/IMG_20181122_152238-150x150.jpg\" class=\"attachment-thumbnail size-thumbnail\" alt=\"\" \/><\/a>\n\t\t\t<\/div><\/figure><figure class='gallery-item'>\n\t\t\t<div class='gallery-icon landscape'>\n\t\t\t\t<a href='https:\/\/ostrowskatv.pl\/?attachment_id=7854'><img loading=\"lazy\" decoding=\"async\" width=\"150\" height=\"150\" src=\"https:\/\/ostrowskatv.pl\/wp-content\/uploads\/2018\/11\/IMG_20181122_152310-150x150.jpg\" class=\"attachment-thumbnail size-thumbnail\" alt=\"\" \/><\/a>\n\t\t\t<\/div><\/figure><figure class='gallery-item'>\n\t\t\t<div class='gallery-icon portrait'>\n\t\t\t\t<a href='https:\/\/ostrowskatv.pl\/?attachment_id=7855'><img loading=\"lazy\" decoding=\"async\" width=\"150\" height=\"150\" src=\"https:\/\/ostrowskatv.pl\/wp-content\/uploads\/2018\/11\/IMG_20181122_152253-150x150.jpg\" class=\"attachment-thumbnail size-thumbnail\" alt=\"\" \/><\/a>\n\t\t\t<\/div><\/figure>\n\t\t<\/div>\n\n","protected":false},"excerpt":{"rendered":"W\u0119dkarze to ta grupa spo\u0142ecze\u0144stwa, kt\u00f3ra w du\u017cym skupieniu i ciszy wyczekuje swoich ofiar, w postaci ryb. Jeden z nich ju\u017c po w\u0119dkowaniu \n<a class=\"moretag\" href=\"https:\/\/ostrowskatv.pl\/?p=7851\"> [...]<\/a>","protected":false},"author":1,"featured_media":7853,"comment_status":"open","ping_status":"closed","sticky":false,"template":"","format":"standard","meta":{"footnotes":""},"categories":[1],"tags":[2],"class_list":["post-7851","post","type-post","status-publish","format-standard","has-post-thumbnail","hentry","category-news","tag-ostrow-wielkopolski"],"_links":{"self":[{"href":"https:\/\/ostrowskatv.pl\/index.php?rest_route=\/wp\/v2\/posts\/7851","targetHints":{"allow":["GET"]}}],"collection":[{"href":"https:\/\/ostrowskatv.pl\/index.php?rest_route=\/wp\/v2\/posts"}],"about":[{"href":"https:\/\/ostrowskatv.pl\/index.php?rest_route=\/wp\/v2\/types\/post"}],"author":[{"embeddable":true,"href":"https:\/\/ostrowskatv.pl\/index.php?rest_route=\/wp\/v2\/users\/1"}],"replies":[{"embeddable":true,"href":"https:\/\/ostrowskatv.pl\/index.php?rest_route=%2Fwp%2Fv2%2Fcomments&post=7851"}],"version-history":[{"count":0,"href":"https:\/\/ostrowskatv.pl\/index.php?rest_route=\/wp\/v2\/posts\/7851\/revisions"}],"wp:featuredmedia":[{"embeddable":true,"href":"https:\/\/ostrowskatv.pl\/index.php?rest_route=\/wp\/v2\/media\/7853"}],"wp:attachment":[{"href":"https:\/\/ostrowskatv.pl\/index.php?rest_route=%2Fwp%2Fv2%2Fmedia&parent=7851"}],"wp:term":[{"taxonomy":"category","embeddable":true,"href":"https:\/\/ostrowskatv.pl\/index.php?rest_route=%2Fwp%2Fv2%2Fcategories&post=7851"},{"taxonomy":"post_tag","embeddable":true,"href":"https:\/\/ostrowskatv.pl\/index.php?rest_route=%2Fwp%2Fv2%2Ftags&post=7851"}],"curies":[{"name":"wp","href":"https:\/\/api.w.org\/{rel}","templated":true}]}}