{"id":7840,"date":"2018-11-21T11:45:41","date_gmt":"2018-11-21T10:45:41","guid":{"rendered":"http:\/\/ostrowska.tv\/?p=7840"},"modified":"2018-11-21T14:50:15","modified_gmt":"2018-11-21T13:50:15","slug":"auto-wpadlo-do-stawu-poszkodowana-mloda-kobieta","status":"publish","type":"post","link":"https:\/\/ostrowskatv.pl\/?p=7840","title":{"rendered":"Auto wpad\u0142o do stawu. Poszkodowana m\u0142oda kobieta (aktualizacja)"},"content":{"rendered":"<p><strong>Oko\u0142o godziny 11.00 samoch\u00f3d wpad\u0142 do stawu w D\u0119bnicy. 23-letnia kobieta straci\u0142a panowanie nad Volkswagenem Polo. Auto zjecha\u0142o z drogi i zatrzyma\u0142o si\u0119 przy kanale spustowym. Wcze\u015bniej uderzy\u0142o prawym bokiem o betonowy s\u0142upek.<\/strong><\/p>\n<p>23-latka wysz\u0142a o w\u0142asnych si\u0142ach i znalaz\u0142a schronienie w aucie \u015bwiadka do czasu przyjazdu s\u0142u\u017cb ratowniczych. Uskar\u017ca\u0142a si\u0119 na b\u00f3l g\u0142owy, kr\u0119gos\u0142upa i n\u00f3g. Samoch\u00f3d uda\u0142o si\u0119 wydoby\u0107 dzi\u0119ki jednostce OSP D\u0119bnica. Na szcz\u0119\u015bcie tym razem kobieta nie wioz\u0142a ze sob\u0105 ma\u0142ego dziecka.<\/p>\n<p>W przednim reflektorze znalaz\u0142y si\u0119 rybki.<\/p>\n<p><iframe loading=\"lazy\" title=\"D\u0119bnica - auto wjecha\u0142o do stawu\" width=\"747\" height=\"420\" src=\"https:\/\/www.youtube.com\/embed\/_qabPLBwUOU?feature=oembed\" frameborder=\"0\" allow=\"accelerometer; autoplay; clipboard-write; encrypted-media; gyroscope; picture-in-picture; web-share\" referrerpolicy=\"strict-origin-when-cross-origin\" allowfullscreen><\/iframe><\/p>\n<div id='gallery-1' class='gallery galleryid-7840 gallery-columns-3 gallery-size-thumbnail'><figure class='gallery-item'>\n\t\t\t<div class='gallery-icon landscape'>\n\t\t\t\t<a href='https:\/\/ostrowskatv.pl\/?attachment_id=7841'><img loading=\"lazy\" decoding=\"async\" width=\"150\" height=\"150\" src=\"https:\/\/ostrowskatv.pl\/wp-content\/uploads\/2018\/11\/IMG_20181121_111132-01-150x150.jpeg\" class=\"attachment-thumbnail size-thumbnail\" alt=\"\" aria-describedby=\"gallery-1-7841\" \/><\/a>\n\t\t\t<\/div>\n\t\t\t\t<figcaption class='wp-caption-text gallery-caption' id='gallery-1-7841'>\n\t\t\t\toznor\n\t\t\t\t<\/figcaption><\/figure><figure class='gallery-item'>\n\t\t\t<div class='gallery-icon landscape'>\n\t\t\t\t<a href='https:\/\/ostrowskatv.pl\/?attachment_id=7843'><img loading=\"lazy\" decoding=\"async\" width=\"150\" height=\"150\" src=\"https:\/\/ostrowskatv.pl\/wp-content\/uploads\/2018\/11\/IMG_20181121_120329-01-150x150.jpeg\" class=\"attachment-thumbnail size-thumbnail\" alt=\"\" aria-describedby=\"gallery-1-7843\" \/><\/a>\n\t\t\t<\/div>\n\t\t\t\t<figcaption class='wp-caption-text gallery-caption' id='gallery-1-7843'>\n\t\t\t\trhdr\n\t\t\t\t<\/figcaption><\/figure><figure class='gallery-item'>\n\t\t\t<div class='gallery-icon landscape'>\n\t\t\t\t<a href='https:\/\/ostrowskatv.pl\/?attachment_id=7845'><img loading=\"lazy\" decoding=\"async\" width=\"150\" height=\"150\" src=\"https:\/\/ostrowskatv.pl\/wp-content\/uploads\/2018\/11\/IMG_20181121_120333-01-150x150.jpeg\" class=\"attachment-thumbnail size-thumbnail\" alt=\"\" aria-describedby=\"gallery-1-7845\" \/><\/a>\n\t\t\t<\/div>\n\t\t\t\t<figcaption class='wp-caption-text gallery-caption' id='gallery-1-7845'>\n\t\t\t\trhdr\n\t\t\t\t<\/figcaption><\/figure><figure class='gallery-item'>\n\t\t\t<div class='gallery-icon landscape'>\n\t\t\t\t<a href='https:\/\/ostrowskatv.pl\/?attachment_id=7846'><img loading=\"lazy\" decoding=\"async\" width=\"150\" height=\"150\" src=\"https:\/\/ostrowskatv.pl\/wp-content\/uploads\/2018\/11\/IMG_20181121_111249-01-150x150.jpeg\" class=\"attachment-thumbnail size-thumbnail\" alt=\"\" \/><\/a>\n\t\t\t<\/div><\/figure>\n\t\t<\/div>\n\n","protected":false},"excerpt":{"rendered":"Oko\u0142o godziny 11.00 samoch\u00f3d wpad\u0142 do stawu w D\u0119bnicy. 23-letnia kobieta straci\u0142a panowanie nad Volkswagenem Polo. Auto zjecha\u0142o z drogi i zatrzyma\u0142o si\u0119 \n<a class=\"moretag\" href=\"https:\/\/ostrowskatv.pl\/?p=7840\"> [...]<\/a>","protected":false},"author":1,"featured_media":7841,"comment_status":"open","ping_status":"closed","sticky":false,"template":"","format":"standard","meta":{"footnotes":""},"categories":[1],"tags":[166],"class_list":["post-7840","post","type-post","status-publish","format-standard","has-post-thumbnail","hentry","category-news","tag-debnica"],"_links":{"self":[{"href":"https:\/\/ostrowskatv.pl\/index.php?rest_route=\/wp\/v2\/posts\/7840","targetHints":{"allow":["GET"]}}],"collection":[{"href":"https:\/\/ostrowskatv.pl\/index.php?rest_route=\/wp\/v2\/posts"}],"about":[{"href":"https:\/\/ostrowskatv.pl\/index.php?rest_route=\/wp\/v2\/types\/post"}],"author":[{"embeddable":true,"href":"https:\/\/ostrowskatv.pl\/index.php?rest_route=\/wp\/v2\/users\/1"}],"replies":[{"embeddable":true,"href":"https:\/\/ostrowskatv.pl\/index.php?rest_route=%2Fwp%2Fv2%2Fcomments&post=7840"}],"version-history":[{"count":0,"href":"https:\/\/ostrowskatv.pl\/index.php?rest_route=\/wp\/v2\/posts\/7840\/revisions"}],"wp:featuredmedia":[{"embeddable":true,"href":"https:\/\/ostrowskatv.pl\/index.php?rest_route=\/wp\/v2\/media\/7841"}],"wp:attachment":[{"href":"https:\/\/ostrowskatv.pl\/index.php?rest_route=%2Fwp%2Fv2%2Fmedia&parent=7840"}],"wp:term":[{"taxonomy":"category","embeddable":true,"href":"https:\/\/ostrowskatv.pl\/index.php?rest_route=%2Fwp%2Fv2%2Fcategories&post=7840"},{"taxonomy":"post_tag","embeddable":true,"href":"https:\/\/ostrowskatv.pl\/index.php?rest_route=%2Fwp%2Fv2%2Ftags&post=7840"}],"curies":[{"name":"wp","href":"https:\/\/api.w.org\/{rel}","templated":true}]}}