{"id":7827,"date":"2018-11-20T11:40:03","date_gmt":"2018-11-20T10:40:03","guid":{"rendered":"http:\/\/ostrowska.tv\/?p=7827"},"modified":"2018-11-20T11:40:03","modified_gmt":"2018-11-20T10:40:03","slug":"80-letni-kierowca-wjechal-pod-ciezarowke","status":"publish","type":"post","link":"https:\/\/ostrowskatv.pl\/?p=7827","title":{"rendered":"80-letni kierowca wjecha\u0142 pod ci\u0119\u017car\u00f3wk\u0119"},"content":{"rendered":"<p><strong>2 wozy bojowe i jeden samoch\u00f3d operacyjny stra\u017cy po\u017carnej, karetka i policja zosta\u0142y zadysponowane do zdarzenia, do kt\u00f3rego dosz\u0142o we wtorek o godzinie 10.55. Samoch\u00f3d ci\u0119\u017carowy Star sta\u0142 na \u015bwiat\u0142ach na ulicy Sienkiewicza. Kiedy te zmieni\u0142y si\u0119 na zielone, ruszy\u0142. Poczu\u0142 uderzenie i us\u0142ysza\u0142 nietypowe odg\u0142osy. Wysiad\u0142 z auta i zobaczy\u0142 samoch\u00f3d marki Skoda i zesztywnia\u0142ego kierowc\u0119 w \u015brodku. 80-letni m\u0119\u017cczyzna prawdopodobnie pr\u00f3bowa\u0142 na \u015bwiat\u0142ach zmieni\u0107 pas.<\/strong><\/p>\n<p>\u015awiadkowie sytuacji pomogli usun\u0105\u0107 osob\u00f3wk\u0119 z jezdni. Relacjonowali, \u017ce inni kierowcy wyra\u017cali zdenerwowanie z powodu utrudnie\u0144 w ruchu. Po chwili na miejsce dojechali stra\u017cacy. Podali poszkodowanemu tlen. Po kolejnych kilku minutach przyjecha\u0142a karetka z ratownikami medycznymi. Ci dok\u0142adnie przebadali pana w ambulansie i podj\u0119li decyzj\u0119 o pozostawieniu pana na miejscu. <\/p>\n<div id='gallery-1' class='gallery galleryid-7827 gallery-columns-3 gallery-size-thumbnail'><figure class='gallery-item'>\n\t\t\t<div class='gallery-icon landscape'>\n\t\t\t\t<a href='https:\/\/ostrowskatv.pl\/?attachment_id=7830'><img loading=\"lazy\" decoding=\"async\" width=\"150\" height=\"150\" src=\"https:\/\/ostrowskatv.pl\/wp-content\/uploads\/2018\/11\/IMG_20181120_110008-150x150.jpg\" class=\"attachment-thumbnail size-thumbnail\" alt=\"\" \/><\/a>\n\t\t\t<\/div><\/figure><figure class='gallery-item'>\n\t\t\t<div class='gallery-icon landscape'>\n\t\t\t\t<a href='https:\/\/ostrowskatv.pl\/?attachment_id=7831'><img loading=\"lazy\" decoding=\"async\" width=\"150\" height=\"150\" src=\"https:\/\/ostrowskatv.pl\/wp-content\/uploads\/2018\/11\/IMG_20181120_105953-150x150.jpg\" class=\"attachment-thumbnail size-thumbnail\" alt=\"\" \/><\/a>\n\t\t\t<\/div><\/figure><figure class='gallery-item'>\n\t\t\t<div class='gallery-icon landscape'>\n\t\t\t\t<a href='https:\/\/ostrowskatv.pl\/?attachment_id=7832'><img loading=\"lazy\" decoding=\"async\" width=\"150\" height=\"150\" src=\"https:\/\/ostrowskatv.pl\/wp-content\/uploads\/2018\/11\/IMG_20181120_110529-150x150.jpg\" class=\"attachment-thumbnail size-thumbnail\" alt=\"\" \/><\/a>\n\t\t\t<\/div><\/figure><figure class='gallery-item'>\n\t\t\t<div class='gallery-icon landscape'>\n\t\t\t\t<a href='https:\/\/ostrowskatv.pl\/?attachment_id=7833'><img loading=\"lazy\" decoding=\"async\" width=\"150\" height=\"150\" src=\"https:\/\/ostrowskatv.pl\/wp-content\/uploads\/2018\/11\/IMG_20181120_111205-150x150.jpg\" class=\"attachment-thumbnail size-thumbnail\" alt=\"\" \/><\/a>\n\t\t\t<\/div><\/figure>\n\t\t<\/div>\n\n","protected":false},"excerpt":{"rendered":"2 wozy bojowe i jeden samoch\u00f3d operacyjny stra\u017cy po\u017carnej, karetka i policja zosta\u0142y zadysponowane do zdarzenia, do kt\u00f3rego dosz\u0142o we wtorek o godzinie \n<a class=\"moretag\" href=\"https:\/\/ostrowskatv.pl\/?p=7827\"> [...]<\/a>","protected":false},"author":1,"featured_media":7832,"comment_status":"open","ping_status":"closed","sticky":false,"template":"","format":"standard","meta":{"footnotes":""},"categories":[1],"tags":[2],"class_list":["post-7827","post","type-post","status-publish","format-standard","has-post-thumbnail","hentry","category-news","tag-ostrow-wielkopolski"],"_links":{"self":[{"href":"https:\/\/ostrowskatv.pl\/index.php?rest_route=\/wp\/v2\/posts\/7827","targetHints":{"allow":["GET"]}}],"collection":[{"href":"https:\/\/ostrowskatv.pl\/index.php?rest_route=\/wp\/v2\/posts"}],"about":[{"href":"https:\/\/ostrowskatv.pl\/index.php?rest_route=\/wp\/v2\/types\/post"}],"author":[{"embeddable":true,"href":"https:\/\/ostrowskatv.pl\/index.php?rest_route=\/wp\/v2\/users\/1"}],"replies":[{"embeddable":true,"href":"https:\/\/ostrowskatv.pl\/index.php?rest_route=%2Fwp%2Fv2%2Fcomments&post=7827"}],"version-history":[{"count":0,"href":"https:\/\/ostrowskatv.pl\/index.php?rest_route=\/wp\/v2\/posts\/7827\/revisions"}],"wp:featuredmedia":[{"embeddable":true,"href":"https:\/\/ostrowskatv.pl\/index.php?rest_route=\/wp\/v2\/media\/7832"}],"wp:attachment":[{"href":"https:\/\/ostrowskatv.pl\/index.php?rest_route=%2Fwp%2Fv2%2Fmedia&parent=7827"}],"wp:term":[{"taxonomy":"category","embeddable":true,"href":"https:\/\/ostrowskatv.pl\/index.php?rest_route=%2Fwp%2Fv2%2Fcategories&post=7827"},{"taxonomy":"post_tag","embeddable":true,"href":"https:\/\/ostrowskatv.pl\/index.php?rest_route=%2Fwp%2Fv2%2Ftags&post=7827"}],"curies":[{"name":"wp","href":"https:\/\/api.w.org\/{rel}","templated":true}]}}