{"id":7817,"date":"2018-11-19T21:00:59","date_gmt":"2018-11-19T20:00:59","guid":{"rendered":"http:\/\/ostrowska.tv\/?p=7817"},"modified":"2018-11-19T21:00:59","modified_gmt":"2018-11-19T20:00:59","slug":"zginal-rowerzysta-potracony-przez-peugeota","status":"publish","type":"post","link":"https:\/\/ostrowskatv.pl\/?p=7817","title":{"rendered":"Zgin\u0105\u0142 rowerzysta potr\u0105cony przez Peugeota"},"content":{"rendered":"<p><strong>Tragicznie zako\u0144czy\u0142 si\u0119 wypadek, do kt\u00f3rego dosz\u0142o w poniedzia\u0142kowy wiecz\u00f3r. Tu\u017c przed godzin\u0105 19.00 kierowca samochodu Peugeot na prostym odcinku drogi potr\u0105ci\u0142 rowerzyst\u0119. Ten jecha\u0142 na ciemn\u0105 drog\u0105 na odcinku Psary-\u015aliwniki. Rowerzysta zgin\u0105\u0142 na miejscu.<\/strong><\/p>\n<p>Po potr\u0105ceniu kierowca Peugeota rozpocz\u0105\u0142 reanimacj\u0119. Nast\u0119pnie do\u0142\u0105czyli stra\u017cacy z OSP Sieroszewice oraz za\u0142oga pogotowia. Kilkadziesi\u0105t minut pr\u00f3by przywr\u00f3cenia czynno\u015bci \u017cyciowych nie odnios\u0142y jednak efektu. <\/p>\n<p>Rower by\u0142 starego typu i po wypadku nie by\u0142o wida\u0107 by mia\u0142 przymocowane o\u015bwietlenie. To jednak teoretycznie mog\u0142o odpa\u015b\u0107 w chwili zdarzenia. Cia\u0142o rowerzysty uderzy\u0142o w przedni\u0105 szyb\u0119 osob\u00f3wki i zosta\u0142o przewiezione kilkadziesi\u0105t metr\u00f3w. Rower zosta\u0142 w miejscu uderzenia.<\/p>\n<p>Kierowca osob\u00f3wki by\u0142 trze\u017awy.<\/p>\n<div id='gallery-1' class='gallery galleryid-7817 gallery-columns-3 gallery-size-thumbnail'><figure class='gallery-item'>\n\t\t\t<div class='gallery-icon landscape'>\n\t\t\t\t<a href='https:\/\/ostrowskatv.pl\/?attachment_id=7820'><img loading=\"lazy\" decoding=\"async\" width=\"150\" height=\"150\" src=\"https:\/\/ostrowskatv.pl\/wp-content\/uploads\/2018\/11\/IMG_20181119_194318-150x150.jpg\" class=\"attachment-thumbnail size-thumbnail\" alt=\"\" \/><\/a>\n\t\t\t<\/div><\/figure><figure class='gallery-item'>\n\t\t\t<div class='gallery-icon landscape'>\n\t\t\t\t<a href='https:\/\/ostrowskatv.pl\/?attachment_id=7821'><img loading=\"lazy\" decoding=\"async\" width=\"150\" height=\"150\" src=\"https:\/\/ostrowskatv.pl\/wp-content\/uploads\/2018\/11\/IMG_20181119_194328-150x150.jpg\" class=\"attachment-thumbnail size-thumbnail\" alt=\"\" \/><\/a>\n\t\t\t<\/div><\/figure><figure class='gallery-item'>\n\t\t\t<div class='gallery-icon landscape'>\n\t\t\t\t<a href='https:\/\/ostrowskatv.pl\/?attachment_id=7822'><img loading=\"lazy\" decoding=\"async\" width=\"150\" height=\"150\" src=\"https:\/\/ostrowskatv.pl\/wp-content\/uploads\/2018\/11\/IMG_20181119_194324-150x150.jpg\" class=\"attachment-thumbnail size-thumbnail\" alt=\"\" \/><\/a>\n\t\t\t<\/div><\/figure><figure class='gallery-item'>\n\t\t\t<div class='gallery-icon landscape'>\n\t\t\t\t<a href='https:\/\/ostrowskatv.pl\/?attachment_id=7823'><img loading=\"lazy\" decoding=\"async\" width=\"150\" height=\"150\" src=\"https:\/\/ostrowskatv.pl\/wp-content\/uploads\/2018\/11\/IMG_20181119_194502-150x150.jpg\" class=\"attachment-thumbnail size-thumbnail\" alt=\"\" \/><\/a>\n\t\t\t<\/div><\/figure><figure class='gallery-item'>\n\t\t\t<div class='gallery-icon landscape'>\n\t\t\t\t<a href='https:\/\/ostrowskatv.pl\/?attachment_id=7824'><img loading=\"lazy\" decoding=\"async\" width=\"150\" height=\"150\" src=\"https:\/\/ostrowskatv.pl\/wp-content\/uploads\/2018\/11\/IMG_20181119_194343-150x150.jpg\" class=\"attachment-thumbnail size-thumbnail\" alt=\"\" \/><\/a>\n\t\t\t<\/div><\/figure><figure class='gallery-item'>\n\t\t\t<div class='gallery-icon landscape'>\n\t\t\t\t<a href='https:\/\/ostrowskatv.pl\/?attachment_id=7825'><img loading=\"lazy\" decoding=\"async\" width=\"150\" height=\"150\" src=\"https:\/\/ostrowskatv.pl\/wp-content\/uploads\/2018\/11\/IMG_20181119_194519-150x150.jpg\" class=\"attachment-thumbnail size-thumbnail\" alt=\"\" \/><\/a>\n\t\t\t<\/div><\/figure>\n\t\t<\/div>\n\n","protected":false},"excerpt":{"rendered":"Tragicznie zako\u0144czy\u0142 si\u0119 wypadek, do kt\u00f3rego dosz\u0142o w poniedzia\u0142kowy wiecz\u00f3r. Tu\u017c przed godzin\u0105 19.00 kierowca samochodu Peugeot na prostym odcinku drogi potr\u0105ci\u0142 rowerzyst\u0119. \n<a class=\"moretag\" href=\"https:\/\/ostrowskatv.pl\/?p=7817\"> [...]<\/a>","protected":false},"author":1,"featured_media":7821,"comment_status":"open","ping_status":"closed","sticky":false,"template":"","format":"standard","meta":{"footnotes":""},"categories":[1],"tags":[165],"class_list":["post-7817","post","type-post","status-publish","format-standard","has-post-thumbnail","hentry","category-news","tag-psary"],"_links":{"self":[{"href":"https:\/\/ostrowskatv.pl\/index.php?rest_route=\/wp\/v2\/posts\/7817","targetHints":{"allow":["GET"]}}],"collection":[{"href":"https:\/\/ostrowskatv.pl\/index.php?rest_route=\/wp\/v2\/posts"}],"about":[{"href":"https:\/\/ostrowskatv.pl\/index.php?rest_route=\/wp\/v2\/types\/post"}],"author":[{"embeddable":true,"href":"https:\/\/ostrowskatv.pl\/index.php?rest_route=\/wp\/v2\/users\/1"}],"replies":[{"embeddable":true,"href":"https:\/\/ostrowskatv.pl\/index.php?rest_route=%2Fwp%2Fv2%2Fcomments&post=7817"}],"version-history":[{"count":0,"href":"https:\/\/ostrowskatv.pl\/index.php?rest_route=\/wp\/v2\/posts\/7817\/revisions"}],"wp:featuredmedia":[{"embeddable":true,"href":"https:\/\/ostrowskatv.pl\/index.php?rest_route=\/wp\/v2\/media\/7821"}],"wp:attachment":[{"href":"https:\/\/ostrowskatv.pl\/index.php?rest_route=%2Fwp%2Fv2%2Fmedia&parent=7817"}],"wp:term":[{"taxonomy":"category","embeddable":true,"href":"https:\/\/ostrowskatv.pl\/index.php?rest_route=%2Fwp%2Fv2%2Fcategories&post=7817"},{"taxonomy":"post_tag","embeddable":true,"href":"https:\/\/ostrowskatv.pl\/index.php?rest_route=%2Fwp%2Fv2%2Ftags&post=7817"}],"curies":[{"name":"wp","href":"https:\/\/api.w.org\/{rel}","templated":true}]}}