{"id":7794,"date":"2018-11-19T11:51:01","date_gmt":"2018-11-19T10:51:01","guid":{"rendered":"http:\/\/ostrowska.tv\/?p=7794"},"modified":"2018-11-19T12:30:39","modified_gmt":"2018-11-19T11:30:39","slug":"i-sesja-rady-miejskiej-2018-ciekawostki","status":"publish","type":"post","link":"https:\/\/ostrowskatv.pl\/?p=7794","title":{"rendered":"I Sesja Rady Miejskiej 2018 &#8211; ciekawostki"},"content":{"rendered":"<p><strong>Dzi\u015b odby\u0142a si\u0119 pierwsza Sesja Rady Miejskiej w nowym sk\u0142adzie. Radni z\u0142o\u017cyli przysi\u0119g\u0119, cz\u0119\u015b\u0107 z nich z dopowiedzeniem &#8221; tak mi dopom\u00f3\u017c B\u00f3g&#8221;. Przysi\u0119g\u0119 z\u0142o\u017cy\u0142a r\u00f3wnie\u017c prezydent Beata Klimek. Podczas obrad wybrano r\u00f3wnie\u017c nowego przewodnicz\u0105cego oraz jego zast\u0119pc\u00f3w.<\/strong><\/p>\n<p>Nowym przewodnicz\u0105cym zosta\u0142 Jaros\u0142aw Lisiecki. W g\u0142osowaniu tajnym pokona\u0142 Mariana Herwicha pe\u0142ni\u0105cego t\u0119 funkcj\u0119 do ko\u0144ca minionej kadencji. Propozycj\u0119 Jaros\u0142awa Lisieckiego zg\u0142osi\u0142 radny Marek \u015aliwi\u0144ski m\u00f3wi\u0105c: &#8211; Ma ponad 20 lat w pracy w samorz\u0105dzie. Dzi\u015b rozpoczyna 6. kadencj\u0119 w lokalnym samorz\u0105dzie. W latach 1998-2002 by\u0142 wiceprzewodnicz\u0105cym Rady Powiatu Ostrowskiego, a w latach 2006-2010, wiceprzewodnicz\u0105cym Rady Miejskiej. Natomiast od 2010 roku pe\u0142ni\u0142 funkcj\u0119 przewodnicz\u0105cego.\u00a0Jaros\u0142aw Lisiecki zawsze d\u0105\u017c\u0105cy do wsp\u00f3\u0142pracy, pe\u0142en zgody i kompromisu. Nasz klub Przyjazne Miasto, \u017ce dzi\u0119ki swojemu praktycznemu do\u015bwiadczeniu i znajomo\u015bci procedur, pan Jaros\u0142aw Lisiecki b\u0119dzie sprawnie kierowa\u0142 pracami Rady Miejskiej i godnie jej reprezentowa\u0142 na zewn\u0105trz.<\/p>\n<p>Kontrkandydatur\u0119 Mariana Herwicha zg\u0142osi\u0142 radny Andrzej Kornaszewski przekonuj\u0105c, \u017ce ten &#8211; Da\u0142 si\u0119 pozna\u0107 jako dobry organizator. Jest to jest jego czwarta kadencja. Przewodnicz\u0105cy Rady Osiedla Wenecja. Jest spo\u0142ecznikiem. Lisiecki wygra\u0142 z Herwichem w stosunku 15 do 7.<\/p>\n<p>Na wiceprzewodnicz\u0105c\u0105 wskazano El\u017cbiet\u0119 Grochowsk\u0105 oraz Marzenn\u0119 Podskarbi. Wkr\u00f3tce poznamy wynik g\u0142osowania. Za El\u017cbiet\u0105 Grochowsk\u0105 g\u0142osowa\u0142o 12\u00a0 radnych. Nikt si\u0119 nie wstrzyma\u0142 od g\u0142osu i nikt nie by\u0142 przeciw. Za radn\u0105 Podskarbi za by\u0142o 3 radnych, przeciw 6. Radny Marek \u015aliwi\u0144ski prezentowa\u0142 zwyci\u0119sk\u0105 kandydatur\u0119 m\u00f3wi\u0105c, \u017ce radna jest to przedsi\u0119biorc\u0105, spo\u0142ecznikiem, ma na swoim koncie zwyci\u0119skie projekty w bud\u017cecie obywatelskim.<\/p>\n<p>Na drugiego wiceprzewodnicz\u0105cego radny Marek \u015aliwi\u0144ski wskaza\u0142 Zygmunta Banasiaka. Jego kandydatura zosta\u0142a pozytywnie przeg\u0142osowana.<\/p>\n<p><span style=\"font-size: 16px;\">Jeden z radnych za\u0142o\u017cy\u0142 kolorowe skarpetki.<\/span><\/p>\n<div id='gallery-1' class='gallery galleryid-7794 gallery-columns-3 gallery-size-thumbnail'><figure class='gallery-item'>\n\t\t\t<div class='gallery-icon portrait'>\n\t\t\t\t<a href='https:\/\/ostrowskatv.pl\/?attachment_id=7810'><img loading=\"lazy\" decoding=\"async\" width=\"150\" height=\"150\" src=\"https:\/\/ostrowskatv.pl\/wp-content\/uploads\/2018\/11\/IMG_20181119_101921-150x150.jpg\" class=\"attachment-thumbnail size-thumbnail\" alt=\"\" \/><\/a>\n\t\t\t<\/div><\/figure><figure class='gallery-item'>\n\t\t\t<div class='gallery-icon landscape'>\n\t\t\t\t<a href='https:\/\/ostrowskatv.pl\/?attachment_id=7809'><img loading=\"lazy\" decoding=\"async\" width=\"150\" height=\"150\" src=\"https:\/\/ostrowskatv.pl\/wp-content\/uploads\/2018\/11\/IMG_20181119_101847-150x150.jpg\" class=\"attachment-thumbnail size-thumbnail\" alt=\"\" \/><\/a>\n\t\t\t<\/div><\/figure><figure class='gallery-item'>\n\t\t\t<div class='gallery-icon portrait'>\n\t\t\t\t<a href='https:\/\/ostrowskatv.pl\/?attachment_id=7808'><img loading=\"lazy\" decoding=\"async\" width=\"150\" height=\"150\" src=\"https:\/\/ostrowskatv.pl\/wp-content\/uploads\/2018\/11\/IMG_20181119_101844-150x150.jpg\" class=\"attachment-thumbnail size-thumbnail\" alt=\"\" \/><\/a>\n\t\t\t<\/div><\/figure><figure class='gallery-item'>\n\t\t\t<div class='gallery-icon landscape'>\n\t\t\t\t<a href='https:\/\/ostrowskatv.pl\/?attachment_id=7807'><img loading=\"lazy\" decoding=\"async\" width=\"150\" height=\"150\" src=\"https:\/\/ostrowskatv.pl\/wp-content\/uploads\/2018\/11\/IMG_20181119_101800-150x150.jpg\" class=\"attachment-thumbnail size-thumbnail\" alt=\"\" \/><\/a>\n\t\t\t<\/div><\/figure><figure class='gallery-item'>\n\t\t\t<div class='gallery-icon landscape'>\n\t\t\t\t<a href='https:\/\/ostrowskatv.pl\/?attachment_id=7806'><img loading=\"lazy\" decoding=\"async\" width=\"150\" height=\"150\" src=\"https:\/\/ostrowskatv.pl\/wp-content\/uploads\/2018\/11\/IMG_20181119_101708-150x150.jpg\" class=\"attachment-thumbnail size-thumbnail\" alt=\"\" \/><\/a>\n\t\t\t<\/div><\/figure><figure class='gallery-item'>\n\t\t\t<div class='gallery-icon landscape'>\n\t\t\t\t<a href='https:\/\/ostrowskatv.pl\/?attachment_id=7805'><img loading=\"lazy\" decoding=\"async\" width=\"150\" height=\"150\" src=\"https:\/\/ostrowskatv.pl\/wp-content\/uploads\/2018\/11\/IMG_20181119_101355-150x150.jpg\" class=\"attachment-thumbnail size-thumbnail\" alt=\"\" \/><\/a>\n\t\t\t<\/div><\/figure><figure class='gallery-item'>\n\t\t\t<div class='gallery-icon landscape'>\n\t\t\t\t<a href='https:\/\/ostrowskatv.pl\/?attachment_id=7804'><img loading=\"lazy\" decoding=\"async\" width=\"150\" height=\"150\" src=\"https:\/\/ostrowskatv.pl\/wp-content\/uploads\/2018\/11\/IMG_20181119_100149-150x150.jpg\" class=\"attachment-thumbnail size-thumbnail\" alt=\"\" \/><\/a>\n\t\t\t<\/div><\/figure><figure class='gallery-item'>\n\t\t\t<div class='gallery-icon portrait'>\n\t\t\t\t<a href='https:\/\/ostrowskatv.pl\/?attachment_id=7803'><img loading=\"lazy\" decoding=\"async\" width=\"150\" height=\"150\" src=\"https:\/\/ostrowskatv.pl\/wp-content\/uploads\/2018\/11\/IMG_20181119_095844-150x150.jpg\" class=\"attachment-thumbnail size-thumbnail\" alt=\"\" \/><\/a>\n\t\t\t<\/div><\/figure><figure class='gallery-item'>\n\t\t\t<div class='gallery-icon landscape'>\n\t\t\t\t<a href='https:\/\/ostrowskatv.pl\/?attachment_id=7802'><img loading=\"lazy\" decoding=\"async\" width=\"150\" height=\"150\" src=\"https:\/\/ostrowskatv.pl\/wp-content\/uploads\/2018\/11\/IMG_20181119_095712_1-150x150.jpg\" class=\"attachment-thumbnail size-thumbnail\" alt=\"\" \/><\/a>\n\t\t\t<\/div><\/figure><figure class='gallery-item'>\n\t\t\t<div class='gallery-icon landscape'>\n\t\t\t\t<a href='https:\/\/ostrowskatv.pl\/?attachment_id=7801'><img loading=\"lazy\" decoding=\"async\" width=\"150\" height=\"150\" src=\"https:\/\/ostrowskatv.pl\/wp-content\/uploads\/2018\/11\/IMG_20181119_095706-150x150.jpg\" class=\"attachment-thumbnail size-thumbnail\" alt=\"\" \/><\/a>\n\t\t\t<\/div><\/figure><figure class='gallery-item'>\n\t\t\t<div class='gallery-icon landscape'>\n\t\t\t\t<a href='https:\/\/ostrowskatv.pl\/?attachment_id=7800'><img loading=\"lazy\" decoding=\"async\" width=\"150\" height=\"150\" src=\"https:\/\/ostrowskatv.pl\/wp-content\/uploads\/2018\/11\/IMG_20181119_095701-150x150.jpg\" class=\"attachment-thumbnail size-thumbnail\" alt=\"\" \/><\/a>\n\t\t\t<\/div><\/figure><figure class='gallery-item'>\n\t\t\t<div class='gallery-icon landscape'>\n\t\t\t\t<a href='https:\/\/ostrowskatv.pl\/?attachment_id=7799'><img loading=\"lazy\" decoding=\"async\" width=\"150\" height=\"150\" src=\"https:\/\/ostrowskatv.pl\/wp-content\/uploads\/2018\/11\/IMG_20181119_095653-150x150.jpg\" class=\"attachment-thumbnail size-thumbnail\" alt=\"\" \/><\/a>\n\t\t\t<\/div><\/figure><figure class='gallery-item'>\n\t\t\t<div class='gallery-icon landscape'>\n\t\t\t\t<a href='https:\/\/ostrowskatv.pl\/?attachment_id=7798'><img loading=\"lazy\" decoding=\"async\" width=\"150\" height=\"150\" src=\"https:\/\/ostrowskatv.pl\/wp-content\/uploads\/2018\/11\/IMG_20181119_095629-150x150.jpg\" class=\"attachment-thumbnail size-thumbnail\" alt=\"\" \/><\/a>\n\t\t\t<\/div><\/figure><figure class='gallery-item'>\n\t\t\t<div class='gallery-icon landscape'>\n\t\t\t\t<a href='https:\/\/ostrowskatv.pl\/?attachment_id=7797'><img loading=\"lazy\" decoding=\"async\" width=\"150\" height=\"150\" src=\"https:\/\/ostrowskatv.pl\/wp-content\/uploads\/2018\/11\/IMG_20181119_095557-150x150.jpg\" class=\"attachment-thumbnail size-thumbnail\" alt=\"\" \/><\/a>\n\t\t\t<\/div><\/figure><figure class='gallery-item'>\n\t\t\t<div class='gallery-icon landscape'>\n\t\t\t\t<a href='https:\/\/ostrowskatv.pl\/?attachment_id=7796'><img loading=\"lazy\" decoding=\"async\" width=\"150\" height=\"150\" src=\"https:\/\/ostrowskatv.pl\/wp-content\/uploads\/2018\/11\/IMG_20181119_095544-150x150.jpg\" class=\"attachment-thumbnail size-thumbnail\" alt=\"\" \/><\/a>\n\t\t\t<\/div><\/figure><figure class='gallery-item'>\n\t\t\t<div class='gallery-icon landscape'>\n\t\t\t\t<a href='https:\/\/ostrowskatv.pl\/?attachment_id=7795'><img loading=\"lazy\" decoding=\"async\" width=\"150\" height=\"150\" src=\"https:\/\/ostrowskatv.pl\/wp-content\/uploads\/2018\/11\/IMG_20181020_120002-150x150.jpg\" class=\"attachment-thumbnail size-thumbnail\" alt=\"\" \/><\/a>\n\t\t\t<\/div><\/figure>\n\t\t<\/div>\n\n","protected":false},"excerpt":{"rendered":"Dzi\u015b odby\u0142a si\u0119 pierwsza Sesja Rady Miejskiej w nowym sk\u0142adzie. Radni z\u0142o\u017cyli przysi\u0119g\u0119, cz\u0119\u015b\u0107 z nich z dopowiedzeniem &#8221; tak mi dopom\u00f3\u017c B\u00f3g&#8221;. \n<a class=\"moretag\" href=\"https:\/\/ostrowskatv.pl\/?p=7794\"> [...]<\/a>","protected":false},"author":1,"featured_media":7805,"comment_status":"open","ping_status":"closed","sticky":false,"template":"","format":"standard","meta":{"footnotes":""},"categories":[1],"tags":[2],"class_list":["post-7794","post","type-post","status-publish","format-standard","has-post-thumbnail","hentry","category-news","tag-ostrow-wielkopolski"],"_links":{"self":[{"href":"https:\/\/ostrowskatv.pl\/index.php?rest_route=\/wp\/v2\/posts\/7794","targetHints":{"allow":["GET"]}}],"collection":[{"href":"https:\/\/ostrowskatv.pl\/index.php?rest_route=\/wp\/v2\/posts"}],"about":[{"href":"https:\/\/ostrowskatv.pl\/index.php?rest_route=\/wp\/v2\/types\/post"}],"author":[{"embeddable":true,"href":"https:\/\/ostrowskatv.pl\/index.php?rest_route=\/wp\/v2\/users\/1"}],"replies":[{"embeddable":true,"href":"https:\/\/ostrowskatv.pl\/index.php?rest_route=%2Fwp%2Fv2%2Fcomments&post=7794"}],"version-history":[{"count":0,"href":"https:\/\/ostrowskatv.pl\/index.php?rest_route=\/wp\/v2\/posts\/7794\/revisions"}],"wp:featuredmedia":[{"embeddable":true,"href":"https:\/\/ostrowskatv.pl\/index.php?rest_route=\/wp\/v2\/media\/7805"}],"wp:attachment":[{"href":"https:\/\/ostrowskatv.pl\/index.php?rest_route=%2Fwp%2Fv2%2Fmedia&parent=7794"}],"wp:term":[{"taxonomy":"category","embeddable":true,"href":"https:\/\/ostrowskatv.pl\/index.php?rest_route=%2Fwp%2Fv2%2Fcategories&post=7794"},{"taxonomy":"post_tag","embeddable":true,"href":"https:\/\/ostrowskatv.pl\/index.php?rest_route=%2Fwp%2Fv2%2Ftags&post=7794"}],"curies":[{"name":"wp","href":"https:\/\/api.w.org\/{rel}","templated":true}]}}