{"id":779,"date":"2016-04-10T14:57:11","date_gmt":"2016-04-10T13:57:11","guid":{"rendered":"http:\/\/ostrowska.tv\/?p=779"},"modified":"2016-04-10T17:02:47","modified_gmt":"2016-04-10T16:02:47","slug":"zlotem-rozpoczeli-sezon-motocyklowy-2016","status":"publish","type":"post","link":"https:\/\/ostrowskatv.pl\/?p=779","title":{"rendered":"Rozpocz\u0119li sezon motocyklowy 2016"},"content":{"rendered":"<p><strong>10 kwietnia 2016 r. to dzie\u0144 kiedy motocykli\u015bci z Ostrowa Wlkp. zaplanowali rozpocz\u0119cie sezonu. Impreza rozpocz\u0119\u0142a si\u0119 od udzia\u0142u w Mszy \u015bw. w ko\u015bciele Mi\u0142osierdzia Bo\u017cego przy ul. Limanowskiego. Nast\u0119pnie kap\u0142an pob\u0142ogos\u0142awi\u0142 zgromadzone jedno\u015blady. Pomimo niesprzyjaj\u0105cej pogody, motocykli\u015bci przejechali ulicami Ostrowa Wlkp. Ich celem by\u0142 plac przy jednej z firm we Franklinowie, gdzie zorganizowano piknik. Na imprez\u0119 przyjechali motocykli\u015bci z Kalisza, Krotoszyna, Milicza, Pleszewa, a tak\u017ce Wroc\u0142awia czy Poznania. Gdyby nie 5 st. C i m\u017c\u0105cy deszcz, uczestnik\u00f3w z pewno\u015bci\u0105 by\u0142oby zdecydowanie wi\u0119cej.<\/strong><\/p>\n<p>Zapraszamy do obejrzenia dw\u00f3ch film\u00f3w z tego wydarzenia:<\/p>\n<div style=\"width: 640px;\" class=\"wp-video\"><video class=\"wp-video-shortcode\" id=\"video-779-1\" width=\"640\" height=\"360\" preload=\"metadata\" controls=\"controls\"><source type=\"video\/mp4\" src=\"http:\/\/ostrowska.tv\/wp-content\/uploads\/2016\/04\/motocykle-zlot-1.mp4?_=1\" \/><a href=\"http:\/\/ostrowska.tv\/wp-content\/uploads\/2016\/04\/motocykle-zlot-1.mp4\">http:\/\/ostrowska.tv\/wp-content\/uploads\/2016\/04\/motocykle-zlot-1.mp4<\/a><\/video><\/div>\n<p>Nagranie z drona<\/p>\n<p><iframe loading=\"lazy\" src=\"https:\/\/www.youtube.com\/embed\/acRCSkL7ooA\" width=\"640\" height=\"480\" frameborder=\"0\" allowfullscreen=\"allowfullscreen\"><\/iframe><\/p>\n","protected":false},"excerpt":{"rendered":"10 kwietnia 2016 r. to dzie\u0144 kiedy motocykli\u015bci z Ostrowa Wlkp. zaplanowali rozpocz\u0119cie sezonu. Impreza rozpocz\u0119\u0142a si\u0119 od udzia\u0142u w Mszy \u015bw. w \n<a class=\"moretag\" href=\"https:\/\/ostrowskatv.pl\/?p=779\"> [...]<\/a>","protected":false},"author":1,"featured_media":790,"comment_status":"open","ping_status":"open","sticky":false,"template":"","format":"standard","meta":{"footnotes":""},"categories":[1],"tags":[70],"class_list":["post-779","post","type-post","status-publish","format-standard","has-post-thumbnail","hentry","category-news","tag-motocykl"],"_links":{"self":[{"href":"https:\/\/ostrowskatv.pl\/index.php?rest_route=\/wp\/v2\/posts\/779","targetHints":{"allow":["GET"]}}],"collection":[{"href":"https:\/\/ostrowskatv.pl\/index.php?rest_route=\/wp\/v2\/posts"}],"about":[{"href":"https:\/\/ostrowskatv.pl\/index.php?rest_route=\/wp\/v2\/types\/post"}],"author":[{"embeddable":true,"href":"https:\/\/ostrowskatv.pl\/index.php?rest_route=\/wp\/v2\/users\/1"}],"replies":[{"embeddable":true,"href":"https:\/\/ostrowskatv.pl\/index.php?rest_route=%2Fwp%2Fv2%2Fcomments&post=779"}],"version-history":[{"count":0,"href":"https:\/\/ostrowskatv.pl\/index.php?rest_route=\/wp\/v2\/posts\/779\/revisions"}],"wp:featuredmedia":[{"embeddable":true,"href":"https:\/\/ostrowskatv.pl\/index.php?rest_route=\/wp\/v2\/media\/790"}],"wp:attachment":[{"href":"https:\/\/ostrowskatv.pl\/index.php?rest_route=%2Fwp%2Fv2%2Fmedia&parent=779"}],"wp:term":[{"taxonomy":"category","embeddable":true,"href":"https:\/\/ostrowskatv.pl\/index.php?rest_route=%2Fwp%2Fv2%2Fcategories&post=779"},{"taxonomy":"post_tag","embeddable":true,"href":"https:\/\/ostrowskatv.pl\/index.php?rest_route=%2Fwp%2Fv2%2Ftags&post=779"}],"curies":[{"name":"wp","href":"https:\/\/api.w.org\/{rel}","templated":true}]}}