{"id":774,"date":"2016-04-09T10:00:55","date_gmt":"2016-04-09T09:00:55","guid":{"rendered":"http:\/\/ostrowska.tv\/?p=774"},"modified":"2016-04-09T10:00:55","modified_gmt":"2016-04-09T09:00:55","slug":"wypadek-21-letniego-motocyklisty-kolo-spomaszu","status":"publish","type":"post","link":"https:\/\/ostrowskatv.pl\/?p=774","title":{"rendered":"Wypadek 21-letniego motocyklisty ko\u0142o Spomaszu"},"content":{"rendered":"<p><strong>W pi\u0105tek tu\u017c przed zapadni\u0119ciem zmroku dosz\u0142o do wypadku motocyklisty z samochodem osobowym. 21-latek jecha\u0142 motocyklem marki Suzuki ulic\u0105 Kalisk\u0105 od McDonald`sa. W okolicy firmy Spomasz, z klubu fitness wyje\u017cd\u017ca\u0142 kierowca VW Passatem. Nie dostrzeg\u0142 nadje\u017cd\u017caj\u0105cego motocyklisty i wymusi\u0142 w ten spos\u00f3b pierwsze\u0144stwo. M\u0142ody m\u0119\u017cczyzna dozna\u0142 urazu nogi oraz uskar\u017ca\u0142 si\u0119 na uraz barku.<\/strong><\/p>\n<p>Na miejscu mo\u017cna by\u0142o us\u0142ysze\u0107 od przyjaci\u00f3\u0142 motocyklisty, \u017ce owy jedno\u015blad posiada\u0142 od oko\u0142o 1,5 miesi\u0105ca. Ju\u017c przymierza\u0142 si\u0119 do zmiany na mocniejsz\u0105 besti\u0119. Obecny mia\u0142 pojemno\u015b\u0107 600 cm3. Przepisy ruchu drogowego m\u00f3wi\u0105, \u017ce nawet je\u015bli by motocyklista jecha\u0142 powy\u017cej 100 km\/h, to i tak win\u0119 b\u0119dzie ponosi\u0107 ten, kto nie ust\u0105pi pierwsze\u0144stwa. Motocyklista oczywi\u015bcie w takich sytuacjach ryzykuje trwa\u0142ym kalectwem.<\/p>\n<div id='gallery-1' class='gallery galleryid-774 gallery-columns-3 gallery-size-thumbnail'><figure class='gallery-item'>\n\t\t\t<div class='gallery-icon landscape'>\n\t\t\t\t<a href='https:\/\/ostrowskatv.pl\/?attachment_id=775'><img loading=\"lazy\" decoding=\"async\" width=\"150\" height=\"150\" src=\"https:\/\/ostrowskatv.pl\/wp-content\/uploads\/2016\/04\/spomasz-motocykl-150x150.jpg\" class=\"attachment-thumbnail size-thumbnail\" alt=\"\" \/><\/a>\n\t\t\t<\/div><\/figure><figure class='gallery-item'>\n\t\t\t<div class='gallery-icon landscape'>\n\t\t\t\t<a href='https:\/\/ostrowskatv.pl\/?attachment_id=776'><img loading=\"lazy\" decoding=\"async\" width=\"150\" height=\"150\" src=\"https:\/\/ostrowskatv.pl\/wp-content\/uploads\/2016\/04\/spomasz-motocykl2-150x150.jpg\" class=\"attachment-thumbnail size-thumbnail\" alt=\"\" \/><\/a>\n\t\t\t<\/div><\/figure><figure class='gallery-item'>\n\t\t\t<div class='gallery-icon landscape'>\n\t\t\t\t<a href='https:\/\/ostrowskatv.pl\/?attachment_id=777'><img loading=\"lazy\" decoding=\"async\" width=\"150\" height=\"150\" src=\"https:\/\/ostrowskatv.pl\/wp-content\/uploads\/2016\/04\/spomasz-motocykl3-150x150.jpg\" class=\"attachment-thumbnail size-thumbnail\" alt=\"\" \/><\/a>\n\t\t\t<\/div><\/figure>\n\t\t<\/div>\n\n","protected":false},"excerpt":{"rendered":"W pi\u0105tek tu\u017c przed zapadni\u0119ciem zmroku dosz\u0142o do wypadku motocyklisty z samochodem osobowym. 21-latek jecha\u0142 motocyklem marki Suzuki ulic\u0105 Kalisk\u0105 od McDonald`sa. W \n<a class=\"moretag\" href=\"https:\/\/ostrowskatv.pl\/?p=774\"> [...]<\/a>","protected":false},"author":1,"featured_media":776,"comment_status":"open","ping_status":"open","sticky":false,"template":"","format":"standard","meta":{"footnotes":""},"categories":[1],"tags":[2],"class_list":["post-774","post","type-post","status-publish","format-standard","has-post-thumbnail","hentry","category-news","tag-ostrow-wielkopolski"],"_links":{"self":[{"href":"https:\/\/ostrowskatv.pl\/index.php?rest_route=\/wp\/v2\/posts\/774","targetHints":{"allow":["GET"]}}],"collection":[{"href":"https:\/\/ostrowskatv.pl\/index.php?rest_route=\/wp\/v2\/posts"}],"about":[{"href":"https:\/\/ostrowskatv.pl\/index.php?rest_route=\/wp\/v2\/types\/post"}],"author":[{"embeddable":true,"href":"https:\/\/ostrowskatv.pl\/index.php?rest_route=\/wp\/v2\/users\/1"}],"replies":[{"embeddable":true,"href":"https:\/\/ostrowskatv.pl\/index.php?rest_route=%2Fwp%2Fv2%2Fcomments&post=774"}],"version-history":[{"count":0,"href":"https:\/\/ostrowskatv.pl\/index.php?rest_route=\/wp\/v2\/posts\/774\/revisions"}],"wp:featuredmedia":[{"embeddable":true,"href":"https:\/\/ostrowskatv.pl\/index.php?rest_route=\/wp\/v2\/media\/776"}],"wp:attachment":[{"href":"https:\/\/ostrowskatv.pl\/index.php?rest_route=%2Fwp%2Fv2%2Fmedia&parent=774"}],"wp:term":[{"taxonomy":"category","embeddable":true,"href":"https:\/\/ostrowskatv.pl\/index.php?rest_route=%2Fwp%2Fv2%2Fcategories&post=774"},{"taxonomy":"post_tag","embeddable":true,"href":"https:\/\/ostrowskatv.pl\/index.php?rest_route=%2Fwp%2Fv2%2Ftags&post=774"}],"curies":[{"name":"wp","href":"https:\/\/api.w.org\/{rel}","templated":true}]}}