{"id":754,"date":"2016-04-07T23:17:09","date_gmt":"2016-04-07T22:17:09","guid":{"rendered":"http:\/\/ostrowska.tv\/?p=754"},"modified":"2016-04-07T23:58:58","modified_gmt":"2016-04-07T22:58:58","slug":"ujawniamy-wszystkie-wydatki-urzedu-miejskiego","status":"publish","type":"post","link":"https:\/\/ostrowskatv.pl\/?p=754","title":{"rendered":"Ujawniamy wszystkie wydatki Urz\u0119du Miejskiego"},"content":{"rendered":"<p>Po szumnych zapowiedziach prezydent Beaty Klimek nt. transparentno\u015bci w Urz\u0119dzie Miejskim, otrzymali\u015bmy &#8211; jako mieszka\u0144cy &#8211; gorzk\u0105 dawk\u0119 zawodu. Na ka\u017cdym kroku zamiast informacji jawnych, radni i dziennikarze byli zbywani. Dotyczy\u0142o to g\u0142\u00f3wnie wynagrodze\u0144 urz\u0119dnik\u00f3w. I cho\u0107 powsta\u0142 rejestr um\u00f3w, to jest on w pewnym sensie zmanipulowany. Nie widniej\u0105 w nim wszystkie wydatki urz\u0119du, a jak zaraz si\u0119 Pa\u0144stwo przekonacie, s\u0105 to faktury nierzadko na konkretne pieni\u0105dze.<\/p>\n<p>Wychodz\u0105c na przeciw oczekiwaniom mieszka\u0144c\u00f3w Ostrowa Wlkp. i opozycyjnych radnych, przedstawiamy na pocz\u0105tek zestawienie wszystkich faktur z minionego miesi\u0105ca. Jak twierdz\u0105 przedstawiciele Biura Prasowego z Urz\u0119du Miejskiego, z przyczyn technicznych nie da\u0142o si\u0119 wyeksportowa\u0107 opisu faktury, z kt\u00f3rego by wynika\u0142o za co konkretnie jest dana kwota. Otrzymali\u015bmy zapewnienie, \u017ce je\u017celi ktokolwiek zainteresowa\u0142by si\u0119 dan\u0105 pozycj\u0105, w\u00f3wczas urz\u0105d przedstawi szczeg\u00f3\u0142y zam\u00f3wienia.<\/p>\n<p>Ubolewamy, \u017ce na poni\u017csze zestawienie, kt\u00f3re mo\u017cna wykona\u0107 w kilka minut, musieli\u015bmy czeka\u0107 ca\u0142y, d\u0142ugi miesi\u0105c. Nast\u0119pne cz\u0119\u015bci b\u0119d\u0105 publikowane w co tygodniowych porcjach, no chyba \u017ce znowu urz\u0119dnicy przy\u015bl\u0105 po miesi\u0105cu wszystko naraz.<\/p>\n<p>Cz\u0119\u015b\u0107 1<\/p>\n<p>[pdf-embedder url=&#8221;http:\/\/ostrowska.tv\/wp-content\/uploads\/2016\/04\/Segregator1-2.pdf&#8221;]<\/p>\n<p>Cz\u0119\u015b\u0107 2<\/p>\n<p>[pdf-embedder url=&#8221;http:\/\/ostrowska.tv\/wp-content\/uploads\/2016\/04\/Segregator2.pdf&#8221;]<\/p>\n<p>Cz\u0119\u015b\u0107 3<\/p>\n<p>[pdf-embedder url=&#8221;http:\/\/ostrowska.tv\/wp-content\/uploads\/2016\/04\/Segregator3.pdf&#8221;]<\/p>\n<p>Cz\u0119\u015b\u0107 4<\/p>\n<p>[pdf-embedder url=&#8221;http:\/\/ostrowska.tv\/wp-content\/uploads\/2016\/04\/Segregator4.pdf&#8221;]<\/p>\n","protected":false},"excerpt":{"rendered":"Po szumnych zapowiedziach prezydent Beaty Klimek nt. transparentno\u015bci w Urz\u0119dzie Miejskim, otrzymali\u015bmy &#8211; jako mieszka\u0144cy &#8211; gorzk\u0105 dawk\u0119 zawodu. Na ka\u017cdym kroku zamiast \n<a class=\"moretag\" href=\"https:\/\/ostrowskatv.pl\/?p=754\"> [...]<\/a>","protected":false},"author":1,"featured_media":539,"comment_status":"open","ping_status":"open","sticky":false,"template":"","format":"standard","meta":{"footnotes":""},"categories":[1],"tags":[60],"class_list":["post-754","post","type-post","status-publish","format-standard","has-post-thumbnail","hentry","category-news","tag-pieniadze"],"_links":{"self":[{"href":"https:\/\/ostrowskatv.pl\/index.php?rest_route=\/wp\/v2\/posts\/754","targetHints":{"allow":["GET"]}}],"collection":[{"href":"https:\/\/ostrowskatv.pl\/index.php?rest_route=\/wp\/v2\/posts"}],"about":[{"href":"https:\/\/ostrowskatv.pl\/index.php?rest_route=\/wp\/v2\/types\/post"}],"author":[{"embeddable":true,"href":"https:\/\/ostrowskatv.pl\/index.php?rest_route=\/wp\/v2\/users\/1"}],"replies":[{"embeddable":true,"href":"https:\/\/ostrowskatv.pl\/index.php?rest_route=%2Fwp%2Fv2%2Fcomments&post=754"}],"version-history":[{"count":0,"href":"https:\/\/ostrowskatv.pl\/index.php?rest_route=\/wp\/v2\/posts\/754\/revisions"}],"wp:featuredmedia":[{"embeddable":true,"href":"https:\/\/ostrowskatv.pl\/index.php?rest_route=\/wp\/v2\/media\/539"}],"wp:attachment":[{"href":"https:\/\/ostrowskatv.pl\/index.php?rest_route=%2Fwp%2Fv2%2Fmedia&parent=754"}],"wp:term":[{"taxonomy":"category","embeddable":true,"href":"https:\/\/ostrowskatv.pl\/index.php?rest_route=%2Fwp%2Fv2%2Fcategories&post=754"},{"taxonomy":"post_tag","embeddable":true,"href":"https:\/\/ostrowskatv.pl\/index.php?rest_route=%2Fwp%2Fv2%2Ftags&post=754"}],"curies":[{"name":"wp","href":"https:\/\/api.w.org\/{rel}","templated":true}]}}