{"id":7538,"date":"2018-10-13T11:47:23","date_gmt":"2018-10-13T10:47:23","guid":{"rendered":"http:\/\/ostrowska.tv\/?p=7538"},"modified":"2018-10-13T11:47:23","modified_gmt":"2018-10-13T10:47:23","slug":"beata-szydlo-poparla-mikolajczyka-w-wyborach-na-prezydenta-ostrowa","status":"publish","type":"post","link":"https:\/\/ostrowskatv.pl\/?p=7538","title":{"rendered":"Beata Szyd\u0142o popar\u0142a Miko\u0142ajczyka w wyborach na prezydenta Ostrowa"},"content":{"rendered":"<p><strong>Zgodnie z zapowiedziami, do Ostrowa Wielkopolskiego przyjecha\u0142a by\u0142a premier RP Beata Szyd\u0142o. G\u0142\u00f3wnym punktem programu by\u0142o udzielenie poparcia dla \u0141ukasza Miko\u0142ajczyka, kandydata na prezydenta Ostrowa Wielkopolskiego.<\/strong><\/p>\n<p>Symboliczne udzielenie poparcia odby\u0142o si\u0119 w klubie Sanacja zlokalizowanym przy ul. Strzeleckiej w Ostrowie Wlkp. To w\u0142a\u015bnie tam na ods\u0142oni\u0119cie pomnika J\u00f3zefa Pi\u0142sudskiego przyby\u0142 Antoni Macierewicz, a ruchliw\u0105 ulic\u0119 Strzeleck\u0105 zamkni\u0119to na czas organizowano przy tej okazji pikniku.<\/p>\n<p>Beata Szyd\u0142o podkre\u015bla\u0142a, \u017ce najbli\u017csze wybory s\u0105 istotne, poniewa\u017c wtedy zdecydujemy czy wybieramy gospodarza miasta. To ma si\u0119 wi\u0105za\u0107 z ryzykiem stagnacji. Mo\u017cna te\u017c wybra\u0107 kandydata, kt\u00f3ry dotrzyma s\u0142owa. Na wz\u00f3r poda\u0142a has\u0142o PiS, \u017ce skoro uda\u0142o im si\u0119 w Rz\u0105dzie, uda si\u0119 te\u017c w samorz\u0105dzie.<br \/>\nJako priorytet wskazano sprawy spo\u0142eczne. Dodatkowo podliczono, \u017ce koncepcja \u0141ukasza Miko\u0142ajczyka zawiera a\u017c 118 punkt\u00f3w. Jednym z nich jest bon 500+ jako ulga dla biednych rodzin w op\u0142atach za op\u0142aty m.in. za odpady, wod\u0119 czy ciep\u0142o.<\/p>\n","protected":false},"excerpt":{"rendered":"Zgodnie z zapowiedziami, do Ostrowa Wielkopolskiego przyjecha\u0142a by\u0142a premier RP Beata Szyd\u0142o. G\u0142\u00f3wnym punktem programu by\u0142o udzielenie poparcia dla \u0141ukasza Miko\u0142ajczyka, kandydata na \n<a class=\"moretag\" href=\"https:\/\/ostrowskatv.pl\/?p=7538\"> [...]<\/a>","protected":false},"author":1,"featured_media":7539,"comment_status":"open","ping_status":"closed","sticky":false,"template":"","format":"standard","meta":{"footnotes":""},"categories":[1],"tags":[2],"class_list":["post-7538","post","type-post","status-publish","format-standard","has-post-thumbnail","hentry","category-news","tag-ostrow-wielkopolski"],"_links":{"self":[{"href":"https:\/\/ostrowskatv.pl\/index.php?rest_route=\/wp\/v2\/posts\/7538","targetHints":{"allow":["GET"]}}],"collection":[{"href":"https:\/\/ostrowskatv.pl\/index.php?rest_route=\/wp\/v2\/posts"}],"about":[{"href":"https:\/\/ostrowskatv.pl\/index.php?rest_route=\/wp\/v2\/types\/post"}],"author":[{"embeddable":true,"href":"https:\/\/ostrowskatv.pl\/index.php?rest_route=\/wp\/v2\/users\/1"}],"replies":[{"embeddable":true,"href":"https:\/\/ostrowskatv.pl\/index.php?rest_route=%2Fwp%2Fv2%2Fcomments&post=7538"}],"version-history":[{"count":0,"href":"https:\/\/ostrowskatv.pl\/index.php?rest_route=\/wp\/v2\/posts\/7538\/revisions"}],"wp:featuredmedia":[{"embeddable":true,"href":"https:\/\/ostrowskatv.pl\/index.php?rest_route=\/wp\/v2\/media\/7539"}],"wp:attachment":[{"href":"https:\/\/ostrowskatv.pl\/index.php?rest_route=%2Fwp%2Fv2%2Fmedia&parent=7538"}],"wp:term":[{"taxonomy":"category","embeddable":true,"href":"https:\/\/ostrowskatv.pl\/index.php?rest_route=%2Fwp%2Fv2%2Fcategories&post=7538"},{"taxonomy":"post_tag","embeddable":true,"href":"https:\/\/ostrowskatv.pl\/index.php?rest_route=%2Fwp%2Fv2%2Ftags&post=7538"}],"curies":[{"name":"wp","href":"https:\/\/api.w.org\/{rel}","templated":true}]}}