{"id":7533,"date":"2018-10-12T10:59:58","date_gmt":"2018-10-12T09:59:58","guid":{"rendered":"http:\/\/ostrowska.tv\/?p=7533"},"modified":"2018-10-12T11:00:14","modified_gmt":"2018-10-12T10:00:14","slug":"7533","status":"publish","type":"post","link":"https:\/\/ostrowskatv.pl\/?p=7533","title":{"rendered":"Dw\u00f3ch pijanych kierowc\u00f3w w jeden dzie\u0144"},"content":{"rendered":"<p><b>Odpowiedzialno\u015b\u0107 i bezwzgl\u0119dna trze\u017awo\u015b\u0107 kierowcy, jazda zgodna z przepisami i dostosowana do sytuacji panuj\u0105cej na trasie, a do tego sprawny samoch\u00f3d \u2013 te warunki musz\u0105 by\u0107 spe\u0142nione, by podr\u00f3\u017c samochodem mog\u0142a przebiec bezpiecznie. Niestety w\u015br\u00f3d wielu kierowc\u00f3w, kt\u00f3rzy o tym pami\u0119taj\u0105, s\u0105 te\u017c tacy, kt\u00f3rzy za nic maj\u0105 powy\u017csze zasady. Wczoraj, 10 pa\u017adziernika policjanci ostrowskiej drog\u00f3wki zatrzymali kolejnych nietrze\u017awych kieruj\u0105cych.<\/b><\/p>\n<p>Do pierwszego zatrzymania nietrze\u017awego kieruj\u0105cego dosz\u0142o po godzinie 8:00. Policjanci Wydzia\u0142u Ruchu Drogowego na terenie gminy Sieroszewice zatrzymali do kontroli dostawczego busa. Kieruj\u0105cego tym samochodem m\u0119\u017cczyzn\u0119, funkcjonariusze poddali badaniu na zawarto\u015b\u0107 alkoholu. Badanie alkomatem wykaza\u0142o w organizmie 28-latka ponad p\u00f3\u0142 promila alkoholu.<\/p>\n<p>Do kolejnego wyeliminowania z ruchu nietrze\u017awego kierowcy dosz\u0142o po 22:00. Na terenie miasta policjanci zatrzymali do kontroli drogowej kieruj\u0105cego osobowym oplem. Okaza\u0142o si\u0119, \u017ce siedz\u0105cy za kierownic\u0105 samochodu 47-latek by\u0142 nietrze\u017awy. Badanie alkomatem wykaza\u0142o ponad 2 promile alkoholu w jego organizmie.<\/p>\n<p>Zatrzymani kieruj\u0105cy za pope\u0142nione przest\u0119pstwa odpowiedz\u0105 przed s\u0105dem.<\/p>\n<p><strong>Kierowco! Pami\u0119taj- powadzenie pojazdu, to wielka odpowiedzialno\u015b\u0107. Nietrze\u017awi kieruj\u0105cy stwarzaj\u0105 realne zagro\u017cenie dla siebie oraz innych u\u017cytkownik\u00f3w dr\u00f3g. Nie b\u0105d\u017a niebezpiecze\u0144stwem dla innych!<\/strong><\/p>\n","protected":false},"excerpt":{"rendered":"Odpowiedzialno\u015b\u0107 i bezwzgl\u0119dna trze\u017awo\u015b\u0107 kierowcy, jazda zgodna z przepisami i dostosowana do sytuacji panuj\u0105cej na trasie, a do tego sprawny samoch\u00f3d \u2013 te \n<a class=\"moretag\" href=\"https:\/\/ostrowskatv.pl\/?p=7533\"> [...]<\/a>","protected":false},"author":1,"featured_media":7534,"comment_status":"open","ping_status":"closed","sticky":false,"template":"","format":"standard","meta":{"footnotes":""},"categories":[1],"tags":[103,2],"class_list":["post-7533","post","type-post","status-publish","format-standard","has-post-thumbnail","hentry","category-news","tag-gm-sieroszewice","tag-ostrow-wielkopolski"],"_links":{"self":[{"href":"https:\/\/ostrowskatv.pl\/index.php?rest_route=\/wp\/v2\/posts\/7533","targetHints":{"allow":["GET"]}}],"collection":[{"href":"https:\/\/ostrowskatv.pl\/index.php?rest_route=\/wp\/v2\/posts"}],"about":[{"href":"https:\/\/ostrowskatv.pl\/index.php?rest_route=\/wp\/v2\/types\/post"}],"author":[{"embeddable":true,"href":"https:\/\/ostrowskatv.pl\/index.php?rest_route=\/wp\/v2\/users\/1"}],"replies":[{"embeddable":true,"href":"https:\/\/ostrowskatv.pl\/index.php?rest_route=%2Fwp%2Fv2%2Fcomments&post=7533"}],"version-history":[{"count":0,"href":"https:\/\/ostrowskatv.pl\/index.php?rest_route=\/wp\/v2\/posts\/7533\/revisions"}],"wp:featuredmedia":[{"embeddable":true,"href":"https:\/\/ostrowskatv.pl\/index.php?rest_route=\/wp\/v2\/media\/7534"}],"wp:attachment":[{"href":"https:\/\/ostrowskatv.pl\/index.php?rest_route=%2Fwp%2Fv2%2Fmedia&parent=7533"}],"wp:term":[{"taxonomy":"category","embeddable":true,"href":"https:\/\/ostrowskatv.pl\/index.php?rest_route=%2Fwp%2Fv2%2Fcategories&post=7533"},{"taxonomy":"post_tag","embeddable":true,"href":"https:\/\/ostrowskatv.pl\/index.php?rest_route=%2Fwp%2Fv2%2Ftags&post=7533"}],"curies":[{"name":"wp","href":"https:\/\/api.w.org\/{rel}","templated":true}]}}