{"id":7526,"date":"2018-10-09T20:17:26","date_gmt":"2018-10-09T19:17:26","guid":{"rendered":"http:\/\/ostrowska.tv\/?p=7526"},"modified":"2018-10-09T20:19:51","modified_gmt":"2018-10-09T19:19:51","slug":"po-i-n-zaprezentowaly-swoich-kandydatow","status":"publish","type":"post","link":"https:\/\/ostrowskatv.pl\/?p=7526","title":{"rendered":"PO i .N zaprezentowa\u0142y swoich kandydat\u00f3w"},"content":{"rendered":"<p><strong>W poniedzia\u0142kowe popo\u0142udnie odby\u0142a si\u0119 ostrowska konwencja Platformy Obywatelskiej i .Nowoczesnej. Podczas niej zaprezentowano kandydat\u00f3w do Rad Miejskiej, Powiatu oraz Sejmiku Wojew\u00f3dztwa Wielkopolskiego. Ca\u0142o\u015b\u0107 trwa\u0142a 45 minut.<\/strong><\/p>\n<p>Konwencja PO i .Nowoczesnej do\u015b\u0107 blado wypad\u0142a na tle konwencji \u0141ukasza Miko\u0142ajczyka. Zestawiaj\u0105c twarde liczby, na spektakl opozycji przyby\u0142o oko\u0142o 110 os\u00f3b, natomiast do przedstawiciela partii rz\u0105dz\u0105cej przysz\u0142o ok. 270 os\u00f3b. Na uwag\u0119 zas\u0142uguje r\u00f3wnie\u017c konwencja prezydent Beaty Klimek, kt\u00f3ra jako jedyna wysz\u0142a do ludzi. Tym bardziej, \u017ce przed miejscem konwencji \u0141ukasza Miko\u0142ajczyka sta\u0142a s\u0142u\u017cba ochrony.<\/p>\n<p>Poza mo\u017cliwo\u015bci\u0105 us\u0142yszenia imienia oraz nazwiska kandydat\u00f3w, a tak\u017ce zobaczenia cz\u0119\u015bci z nich na \u017cywo, nie pad\u0142o chocia\u017c po jednym zdaniu opisu ich sylwetek. Wiele os\u00f3b by\u0142o nierozpoznawalnych dla og\u00f3\u0142u spo\u0142ecze\u0144stwa. Jedn\u0105 z obecnych os\u00f3b, wzbudzaj\u0105cych wiele emocji, by\u0142a Krystiana Drozd.<\/p>\n<p>Podczas przem\u00f3wienia, pose\u0142 Jaros\u0142aw Urbaniak cieszy\u0142 si\u0119, \u017ce konwencja odbywa si\u0119 we wn\u0119trzach odnowionej &#8222;Starej Biblioteki&#8221;. Zapomnia\u0142 jednak, \u017ce przez jego kadencj\u0119 sta\u0142a opustosza\u0142a, poniewa\u017c nie by\u0142o ch\u0119tnych do wydzier\u017cawienia tej powierzchni. Taki inwestor pojawi\u0142 si\u0119 dopiero w kadencji Beaty Klimek.<\/p>\n<p>Kandydat na prezydenta Grzeszczyk od kilku tygodni przyj\u0105\u0142 strategi\u0119, \u017ceby m\u00f3wi\u0107 mniej ni\u017c wi\u0119cej. W ten spos\u00f3b pr\u00f3buje zatrze\u0107 fatalne pierwsze wra\u017cenie wynikaj\u0105ce z wielu j\u0119zykowych pomy\u0142ek.<\/p>\n<div id='gallery-1' class='gallery galleryid-7526 gallery-columns-3 gallery-size-thumbnail'><figure class='gallery-item'>\n\t\t\t<div class='gallery-icon landscape'>\n\t\t\t\t<a href='https:\/\/ostrowskatv.pl\/?attachment_id=7528'><img loading=\"lazy\" decoding=\"async\" width=\"150\" height=\"150\" src=\"https:\/\/ostrowskatv.pl\/wp-content\/uploads\/2018\/10\/IMG_20181008_171449-150x150.jpg\" class=\"attachment-thumbnail size-thumbnail\" alt=\"\" \/><\/a>\n\t\t\t<\/div><\/figure><figure class='gallery-item'>\n\t\t\t<div class='gallery-icon landscape'>\n\t\t\t\t<a href='https:\/\/ostrowskatv.pl\/?attachment_id=7527'><img loading=\"lazy\" decoding=\"async\" width=\"150\" height=\"150\" src=\"https:\/\/ostrowskatv.pl\/wp-content\/uploads\/2018\/10\/IMG_20181008_173546-150x150.jpg\" class=\"attachment-thumbnail size-thumbnail\" alt=\"\" \/><\/a>\n\t\t\t<\/div><\/figure><figure class='gallery-item'>\n\t\t\t<div class='gallery-icon landscape'>\n\t\t\t\t<a href='https:\/\/ostrowskatv.pl\/?attachment_id=7529'><img loading=\"lazy\" decoding=\"async\" width=\"150\" height=\"150\" src=\"https:\/\/ostrowskatv.pl\/wp-content\/uploads\/2018\/10\/IMG_20181008_171255-150x150.jpg\" class=\"attachment-thumbnail size-thumbnail\" alt=\"\" \/><\/a>\n\t\t\t<\/div><\/figure>\n\t\t<\/div>\n\n","protected":false},"excerpt":{"rendered":"W poniedzia\u0142kowe popo\u0142udnie odby\u0142a si\u0119 ostrowska konwencja Platformy Obywatelskiej i .Nowoczesnej. Podczas niej zaprezentowano kandydat\u00f3w do Rad Miejskiej, Powiatu oraz Sejmiku Wojew\u00f3dztwa Wielkopolskiego. \n<a class=\"moretag\" href=\"https:\/\/ostrowskatv.pl\/?p=7526\"> [...]<\/a>","protected":false},"author":1,"featured_media":0,"comment_status":"open","ping_status":"closed","sticky":false,"template":"","format":"standard","meta":{"footnotes":""},"categories":[1],"tags":[2],"class_list":["post-7526","post","type-post","status-publish","format-standard","hentry","category-news","tag-ostrow-wielkopolski"],"_links":{"self":[{"href":"https:\/\/ostrowskatv.pl\/index.php?rest_route=\/wp\/v2\/posts\/7526","targetHints":{"allow":["GET"]}}],"collection":[{"href":"https:\/\/ostrowskatv.pl\/index.php?rest_route=\/wp\/v2\/posts"}],"about":[{"href":"https:\/\/ostrowskatv.pl\/index.php?rest_route=\/wp\/v2\/types\/post"}],"author":[{"embeddable":true,"href":"https:\/\/ostrowskatv.pl\/index.php?rest_route=\/wp\/v2\/users\/1"}],"replies":[{"embeddable":true,"href":"https:\/\/ostrowskatv.pl\/index.php?rest_route=%2Fwp%2Fv2%2Fcomments&post=7526"}],"version-history":[{"count":0,"href":"https:\/\/ostrowskatv.pl\/index.php?rest_route=\/wp\/v2\/posts\/7526\/revisions"}],"wp:attachment":[{"href":"https:\/\/ostrowskatv.pl\/index.php?rest_route=%2Fwp%2Fv2%2Fmedia&parent=7526"}],"wp:term":[{"taxonomy":"category","embeddable":true,"href":"https:\/\/ostrowskatv.pl\/index.php?rest_route=%2Fwp%2Fv2%2Fcategories&post=7526"},{"taxonomy":"post_tag","embeddable":true,"href":"https:\/\/ostrowskatv.pl\/index.php?rest_route=%2Fwp%2Fv2%2Ftags&post=7526"}],"curies":[{"name":"wp","href":"https:\/\/api.w.org\/{rel}","templated":true}]}}