{"id":7519,"date":"2018-10-09T16:44:05","date_gmt":"2018-10-09T15:44:05","guid":{"rendered":"http:\/\/ostrowska.tv\/?p=7519"},"modified":"2018-10-09T16:47:19","modified_gmt":"2018-10-09T15:47:19","slug":"wypadek-we-wtorku-volkswagen-vs-alfa-romeo","status":"publish","type":"post","link":"https:\/\/ostrowskatv.pl\/?p=7519","title":{"rendered":"Wypadek we Wt\u00f3rku. Volkswagen vs. Alfa Romeo"},"content":{"rendered":"<p><strong>W miejscowo\u015bci Wt\u00f3rek na g\u0142\u00f3wnej drodze dosz\u0142o do zderzenia dw\u00f3ch aut osobowych. Kierowca z Volkswagena Passata skr\u0119ca\u0142 w lewo na prywatn\u0105 posesj\u0119. Nie ust\u0105pi\u0142 pierwsze\u0144stwa Alfie Romeo nadje\u017cd\u017caj\u0105cej z przeciwka. Alfa uderzy\u0142a przodem w tylny prawy naro\u017cnik Volkswagena. Auto sprawcy zdarzenia wpad\u0142o do rowu. Do szpitala zabrano, z niegro\u017anymi obra\u017ceniami, poszkodowan\u0105 z Alfy.<\/strong><\/p>\n<p>Na miejsce wys\u0142ano dwa zast\u0119py stra\u017cy po\u017carnej z Ostrowa Wlkp., OSP Wt\u00f3rek, jedn\u0105 karetk\u0119 i radiow\u00f3z policji. Ruch na drodze odbywa\u0142 si\u0119 wahad\u0142owo.<\/p>\n<p>W tym samym miejscu 6,5 roku temu dosz\u0142o do \u015bmiertelnego potr\u0105cenia 7-latka przez samoch\u00f3d ci\u0119\u017carowy. Tu\u017c obok stoi krzy\u017c.<\/p>\n<div id='gallery-1' class='gallery galleryid-7519 gallery-columns-3 gallery-size-thumbnail'><figure class='gallery-item'>\n\t\t\t<div class='gallery-icon landscape'>\n\t\t\t\t<a href='https:\/\/ostrowskatv.pl\/?attachment_id=7520'><img loading=\"lazy\" decoding=\"async\" width=\"150\" height=\"150\" src=\"https:\/\/ostrowskatv.pl\/wp-content\/uploads\/2018\/10\/IMG_20181009_164931-150x150.jpg\" class=\"attachment-thumbnail size-thumbnail\" alt=\"\" \/><\/a>\n\t\t\t<\/div><\/figure><figure class='gallery-item'>\n\t\t\t<div class='gallery-icon landscape'>\n\t\t\t\t<a href='https:\/\/ostrowskatv.pl\/?attachment_id=7521'><img loading=\"lazy\" decoding=\"async\" width=\"150\" height=\"150\" src=\"https:\/\/ostrowskatv.pl\/wp-content\/uploads\/2018\/10\/IMG_20181009_164918-150x150.jpg\" class=\"attachment-thumbnail size-thumbnail\" alt=\"\" \/><\/a>\n\t\t\t<\/div><\/figure><figure class='gallery-item'>\n\t\t\t<div class='gallery-icon landscape'>\n\t\t\t\t<a href='https:\/\/ostrowskatv.pl\/?attachment_id=7522'><img loading=\"lazy\" decoding=\"async\" width=\"150\" height=\"150\" src=\"https:\/\/ostrowskatv.pl\/wp-content\/uploads\/2018\/10\/IMG_20181009_164905-150x150.jpg\" class=\"attachment-thumbnail size-thumbnail\" alt=\"\" \/><\/a>\n\t\t\t<\/div><\/figure><figure class='gallery-item'>\n\t\t\t<div class='gallery-icon landscape'>\n\t\t\t\t<a href='https:\/\/ostrowskatv.pl\/?attachment_id=7524'><img loading=\"lazy\" decoding=\"async\" width=\"150\" height=\"150\" src=\"https:\/\/ostrowskatv.pl\/wp-content\/uploads\/2018\/10\/IMG_20181009_164841-150x150.jpg\" class=\"attachment-thumbnail size-thumbnail\" alt=\"\" \/><\/a>\n\t\t\t<\/div><\/figure>\n\t\t<\/div>\n\n","protected":false},"excerpt":{"rendered":"W miejscowo\u015bci Wt\u00f3rek na g\u0142\u00f3wnej drodze dosz\u0142o do zderzenia dw\u00f3ch aut osobowych. Kierowca z Volkswagena Passata skr\u0119ca\u0142 w lewo na prywatn\u0105 posesj\u0119. Nie \n<a class=\"moretag\" href=\"https:\/\/ostrowskatv.pl\/?p=7519\"> [...]<\/a>","protected":false},"author":1,"featured_media":7520,"comment_status":"open","ping_status":"closed","sticky":false,"template":"","format":"standard","meta":{"footnotes":""},"categories":[1],"tags":[112],"class_list":["post-7519","post","type-post","status-publish","format-standard","has-post-thumbnail","hentry","category-news","tag-wtorek"],"_links":{"self":[{"href":"https:\/\/ostrowskatv.pl\/index.php?rest_route=\/wp\/v2\/posts\/7519","targetHints":{"allow":["GET"]}}],"collection":[{"href":"https:\/\/ostrowskatv.pl\/index.php?rest_route=\/wp\/v2\/posts"}],"about":[{"href":"https:\/\/ostrowskatv.pl\/index.php?rest_route=\/wp\/v2\/types\/post"}],"author":[{"embeddable":true,"href":"https:\/\/ostrowskatv.pl\/index.php?rest_route=\/wp\/v2\/users\/1"}],"replies":[{"embeddable":true,"href":"https:\/\/ostrowskatv.pl\/index.php?rest_route=%2Fwp%2Fv2%2Fcomments&post=7519"}],"version-history":[{"count":0,"href":"https:\/\/ostrowskatv.pl\/index.php?rest_route=\/wp\/v2\/posts\/7519\/revisions"}],"wp:featuredmedia":[{"embeddable":true,"href":"https:\/\/ostrowskatv.pl\/index.php?rest_route=\/wp\/v2\/media\/7520"}],"wp:attachment":[{"href":"https:\/\/ostrowskatv.pl\/index.php?rest_route=%2Fwp%2Fv2%2Fmedia&parent=7519"}],"wp:term":[{"taxonomy":"category","embeddable":true,"href":"https:\/\/ostrowskatv.pl\/index.php?rest_route=%2Fwp%2Fv2%2Fcategories&post=7519"},{"taxonomy":"post_tag","embeddable":true,"href":"https:\/\/ostrowskatv.pl\/index.php?rest_route=%2Fwp%2Fv2%2Ftags&post=7519"}],"curies":[{"name":"wp","href":"https:\/\/api.w.org\/{rel}","templated":true}]}}