{"id":7503,"date":"2018-10-07T05:23:47","date_gmt":"2018-10-07T04:23:47","guid":{"rendered":"http:\/\/ostrowska.tv\/?p=7503"},"modified":"2018-10-07T05:25:41","modified_gmt":"2018-10-07T04:25:41","slug":"smiertelnie-potracenie-staroprzygodzka-jankow-przygodzki","status":"publish","type":"post","link":"https:\/\/ostrowskatv.pl\/?p=7503","title":{"rendered":"\u015amiertelnie potr\u0105cenie, Staroprzygodzka-Jank\u00f3w Przygodzki"},"content":{"rendered":"<p><strong>W niedziel\u0119 tu\u017c przed godzin\u0105 5.00 dosz\u0142o do \u015bmiertelnego potr\u0105cenia. Na drodze \u0142\u0105cz\u0105cej ul. Staroprzygodzk\u0105 w Ostrowie Wlkp. z Jankowem Przygodzkim samoch\u00f3d osobowy BMW potr\u0105ci\u0142 m\u0119\u017cczyzn\u0119. Poszkodowany, w wyniku odniesionych obra\u017ce\u0144, zmar\u0142 na miejscu.<\/strong><\/p>\n<p>Samoch\u00f3d BMW jecha\u0142 od strony Jankowa w kierunku Ostrowa. Jecha\u0142o nim troje, oko\u0142o 20-letnich, os\u00f3b. Najprawdopodobniej jezdni\u0105, zamiast chodnikiem, szed\u0142 ok. 40-letni ostrowianin. Osob\u00f3wka z impetem uderzy\u0142a w pieszego, urywaj\u0105c mu nog\u0119 na wysoko\u015bci kolana. W przedniej szybie samochodu zosta\u0142 wielki otw\u00f3r. BMW zatrzyma\u0142o si\u0119 oko\u0142o 100 metr\u00f3w dalej przy lewej kraw\u0119dzi drogi, co mo\u017ce sugerowa\u0107, \u017ce kierowca w ostatniej chwili pr\u00f3bowa\u0142 omin\u0105\u0107 m\u0119\u017cczyzn\u0119.<\/p>\n<p>Na miejscu, chwil\u0119 po zdarzeniu, pojawi\u0142a si\u0119 \u017cona zmar\u0142ego wraz z przyjacielem. Z ich relacji wynika\u0142o, \u017ce razem bawili si\u0119 na wieczorku w Jankowie Przygodzkim. W pewnym momencie ofiara potr\u0105cenia wysz\u0142a i uda\u0142a si\u0119 w nieznanym kierunku. Przyjaciel wraz z \u017con\u0105 pr\u00f3bowali go odnale\u017a\u0107 je\u017cd\u017c\u0105c po okolicy samochodem. Chwil\u0119 wcze\u015bniej jechali t\u0105 drog\u0105, ale nie dostrzegli m\u0119\u017cczyzny. Po kolejnej chwili zauwa\u017cyli, \u017ce dosz\u0142o do potr\u0105cenia przez BMW. \u015awiadkowie zdarzenia podj\u0119li reanimacj\u0119, ale obra\u017cenia cia\u0142a by\u0142y zbyt rozleg\u0142e.<\/p>\n<div id='gallery-1' class='gallery galleryid-7503 gallery-columns-3 gallery-size-thumbnail'><figure class='gallery-item'>\n\t\t\t<div class='gallery-icon landscape'>\n\t\t\t\t<a href='https:\/\/ostrowskatv.pl\/?attachment_id=7504'><img loading=\"lazy\" decoding=\"async\" width=\"150\" height=\"150\" src=\"https:\/\/ostrowskatv.pl\/wp-content\/uploads\/2018\/10\/IMG_20181007_051740-150x150.jpg\" class=\"attachment-thumbnail size-thumbnail\" alt=\"\" \/><\/a>\n\t\t\t<\/div><\/figure><figure class='gallery-item'>\n\t\t\t<div class='gallery-icon portrait'>\n\t\t\t\t<a href='https:\/\/ostrowskatv.pl\/?attachment_id=7509'><img loading=\"lazy\" decoding=\"async\" width=\"150\" height=\"150\" src=\"https:\/\/ostrowskatv.pl\/wp-content\/uploads\/2018\/10\/IMG_20181007_051609-150x150.jpg\" class=\"attachment-thumbnail size-thumbnail\" alt=\"\" \/><\/a>\n\t\t\t<\/div><\/figure><figure class='gallery-item'>\n\t\t\t<div class='gallery-icon landscape'>\n\t\t\t\t<a href='https:\/\/ostrowskatv.pl\/?attachment_id=7508'><img loading=\"lazy\" decoding=\"async\" width=\"150\" height=\"150\" src=\"https:\/\/ostrowskatv.pl\/wp-content\/uploads\/2018\/10\/IMG_20181007_051616-150x150.jpg\" class=\"attachment-thumbnail size-thumbnail\" alt=\"\" \/><\/a>\n\t\t\t<\/div><\/figure><figure class='gallery-item'>\n\t\t\t<div class='gallery-icon landscape'>\n\t\t\t\t<a href='https:\/\/ostrowskatv.pl\/?attachment_id=7507'><img loading=\"lazy\" decoding=\"async\" width=\"150\" height=\"150\" src=\"https:\/\/ostrowskatv.pl\/wp-content\/uploads\/2018\/10\/IMG_20181007_051623-150x150.jpg\" class=\"attachment-thumbnail size-thumbnail\" alt=\"\" \/><\/a>\n\t\t\t<\/div><\/figure><figure class='gallery-item'>\n\t\t\t<div class='gallery-icon landscape'>\n\t\t\t\t<a href='https:\/\/ostrowskatv.pl\/?attachment_id=7506'><img loading=\"lazy\" decoding=\"async\" width=\"150\" height=\"150\" src=\"https:\/\/ostrowskatv.pl\/wp-content\/uploads\/2018\/10\/IMG_20181007_052237-150x150.jpg\" class=\"attachment-thumbnail size-thumbnail\" alt=\"\" \/><\/a>\n\t\t\t<\/div><\/figure><figure class='gallery-item'>\n\t\t\t<div class='gallery-icon landscape'>\n\t\t\t\t<a href='https:\/\/ostrowskatv.pl\/?attachment_id=7505'><img loading=\"lazy\" decoding=\"async\" width=\"150\" height=\"150\" src=\"https:\/\/ostrowskatv.pl\/wp-content\/uploads\/2018\/10\/IMG_20181007_051839-150x150.jpg\" class=\"attachment-thumbnail size-thumbnail\" alt=\"\" \/><\/a>\n\t\t\t<\/div><\/figure>\n\t\t<\/div>\n\n","protected":false},"excerpt":{"rendered":"W niedziel\u0119 tu\u017c przed godzin\u0105 5.00 dosz\u0142o do \u015bmiertelnego potr\u0105cenia. Na drodze \u0142\u0105cz\u0105cej ul. Staroprzygodzk\u0105 w Ostrowie Wlkp. z Jankowem Przygodzkim samoch\u00f3d osobowy \n<a class=\"moretag\" href=\"https:\/\/ostrowskatv.pl\/?p=7503\"> [...]<\/a>","protected":false},"author":1,"featured_media":7508,"comment_status":"open","ping_status":"closed","sticky":false,"template":"","format":"standard","meta":{"footnotes":""},"categories":[1],"tags":[94,2],"class_list":["post-7503","post","type-post","status-publish","format-standard","has-post-thumbnail","hentry","category-news","tag-jankow-przygodzki","tag-ostrow-wielkopolski"],"_links":{"self":[{"href":"https:\/\/ostrowskatv.pl\/index.php?rest_route=\/wp\/v2\/posts\/7503","targetHints":{"allow":["GET"]}}],"collection":[{"href":"https:\/\/ostrowskatv.pl\/index.php?rest_route=\/wp\/v2\/posts"}],"about":[{"href":"https:\/\/ostrowskatv.pl\/index.php?rest_route=\/wp\/v2\/types\/post"}],"author":[{"embeddable":true,"href":"https:\/\/ostrowskatv.pl\/index.php?rest_route=\/wp\/v2\/users\/1"}],"replies":[{"embeddable":true,"href":"https:\/\/ostrowskatv.pl\/index.php?rest_route=%2Fwp%2Fv2%2Fcomments&post=7503"}],"version-history":[{"count":0,"href":"https:\/\/ostrowskatv.pl\/index.php?rest_route=\/wp\/v2\/posts\/7503\/revisions"}],"wp:featuredmedia":[{"embeddable":true,"href":"https:\/\/ostrowskatv.pl\/index.php?rest_route=\/wp\/v2\/media\/7508"}],"wp:attachment":[{"href":"https:\/\/ostrowskatv.pl\/index.php?rest_route=%2Fwp%2Fv2%2Fmedia&parent=7503"}],"wp:term":[{"taxonomy":"category","embeddable":true,"href":"https:\/\/ostrowskatv.pl\/index.php?rest_route=%2Fwp%2Fv2%2Fcategories&post=7503"},{"taxonomy":"post_tag","embeddable":true,"href":"https:\/\/ostrowskatv.pl\/index.php?rest_route=%2Fwp%2Fv2%2Ftags&post=7503"}],"curies":[{"name":"wp","href":"https:\/\/api.w.org\/{rel}","templated":true}]}}