{"id":7496,"date":"2018-10-05T16:32:44","date_gmt":"2018-10-05T15:32:44","guid":{"rendered":"http:\/\/ostrowska.tv\/?p=7496"},"modified":"2018-10-05T16:32:44","modified_gmt":"2018-10-05T15:32:44","slug":"zderzenie-dwoch-citroenow-w-radlowie","status":"publish","type":"post","link":"https:\/\/ostrowskatv.pl\/?p=7496","title":{"rendered":"Zderzenie dw\u00f3ch Citroen\u00f3w w Rad\u0142owie"},"content":{"rendered":"<p><strong>Po godzinie 16.00 kierowca osobowego Citroena wyje\u017cd\u017ca\u0142 z ulicy Wojska Polskiego w Rad\u0142owie. Jak sam przyzna\u0142, rozgl\u0105da\u0142 si\u0119 kilka razy i zacz\u0105\u0142 wyje\u017cd\u017ca\u0107. Nagle z lewej strony nadjecha\u0142 bus, kt\u00f3ry wjecha\u0142 w drzwi od kierowcy. O dziwo kierowcy osob\u00f3wki nic si\u0119 nie sta\u0142o, w co trudno uwierzy\u0107 patrz\u0105c na zniszczenia drzwi.<\/strong><\/p>\n<p>Na miejsce wezwano dwie jednostki stra\u017cy po\u017carnej do neutralizacji wyciek\u00f3w, posprz\u0105tania rozbitego szk\u0142a i kierowania ruchem.<\/p>\n<div id='gallery-1' class='gallery galleryid-7496 gallery-columns-3 gallery-size-thumbnail'><figure class='gallery-item'>\n\t\t\t<div class='gallery-icon landscape'>\n\t\t\t\t<a href='https:\/\/ostrowskatv.pl\/?attachment_id=7497'><img loading=\"lazy\" decoding=\"async\" width=\"150\" height=\"150\" src=\"https:\/\/ostrowskatv.pl\/wp-content\/uploads\/2018\/10\/IMG_20181005_164354-150x150.jpg\" class=\"attachment-thumbnail size-thumbnail\" alt=\"\" \/><\/a>\n\t\t\t<\/div><\/figure><figure class='gallery-item'>\n\t\t\t<div class='gallery-icon landscape'>\n\t\t\t\t<a href='https:\/\/ostrowskatv.pl\/?attachment_id=7501'><img loading=\"lazy\" decoding=\"async\" width=\"150\" height=\"150\" src=\"https:\/\/ostrowskatv.pl\/wp-content\/uploads\/2018\/10\/IMG_20181005_163713-150x150.jpg\" class=\"attachment-thumbnail size-thumbnail\" alt=\"\" \/><\/a>\n\t\t\t<\/div><\/figure><figure class='gallery-item'>\n\t\t\t<div class='gallery-icon landscape'>\n\t\t\t\t<a href='https:\/\/ostrowskatv.pl\/?attachment_id=7500'><img loading=\"lazy\" decoding=\"async\" width=\"150\" height=\"150\" src=\"https:\/\/ostrowskatv.pl\/wp-content\/uploads\/2018\/10\/IMG_20181005_163717-150x150.jpg\" class=\"attachment-thumbnail size-thumbnail\" alt=\"\" \/><\/a>\n\t\t\t<\/div><\/figure><figure class='gallery-item'>\n\t\t\t<div class='gallery-icon landscape'>\n\t\t\t\t<a href='https:\/\/ostrowskatv.pl\/?attachment_id=7499'><img loading=\"lazy\" decoding=\"async\" width=\"150\" height=\"150\" src=\"https:\/\/ostrowskatv.pl\/wp-content\/uploads\/2018\/10\/IMG_20181005_163721-150x150.jpg\" class=\"attachment-thumbnail size-thumbnail\" alt=\"\" \/><\/a>\n\t\t\t<\/div><\/figure><figure class='gallery-item'>\n\t\t\t<div class='gallery-icon landscape'>\n\t\t\t\t<a href='https:\/\/ostrowskatv.pl\/?attachment_id=7498'><img loading=\"lazy\" decoding=\"async\" width=\"150\" height=\"150\" src=\"https:\/\/ostrowskatv.pl\/wp-content\/uploads\/2018\/10\/IMG_20181005_163730-150x150.jpg\" class=\"attachment-thumbnail size-thumbnail\" alt=\"\" \/><\/a>\n\t\t\t<\/div><\/figure>\n\t\t<\/div>\n\n<p>&nbsp;<\/p>\n","protected":false},"excerpt":{"rendered":"Po godzinie 16.00 kierowca osobowego Citroena wyje\u017cd\u017ca\u0142 z ulicy Wojska Polskiego w Rad\u0142owie. Jak sam przyzna\u0142, rozgl\u0105da\u0142 si\u0119 kilka razy i zacz\u0105\u0142 wyje\u017cd\u017ca\u0107. \n<a class=\"moretag\" href=\"https:\/\/ostrowskatv.pl\/?p=7496\"> [...]<\/a>","protected":false},"author":1,"featured_media":7500,"comment_status":"open","ping_status":"closed","sticky":false,"template":"","format":"standard","meta":{"footnotes":""},"categories":[1],"tags":[138],"class_list":["post-7496","post","type-post","status-publish","format-standard","has-post-thumbnail","hentry","category-news","tag-radlow"],"_links":{"self":[{"href":"https:\/\/ostrowskatv.pl\/index.php?rest_route=\/wp\/v2\/posts\/7496","targetHints":{"allow":["GET"]}}],"collection":[{"href":"https:\/\/ostrowskatv.pl\/index.php?rest_route=\/wp\/v2\/posts"}],"about":[{"href":"https:\/\/ostrowskatv.pl\/index.php?rest_route=\/wp\/v2\/types\/post"}],"author":[{"embeddable":true,"href":"https:\/\/ostrowskatv.pl\/index.php?rest_route=\/wp\/v2\/users\/1"}],"replies":[{"embeddable":true,"href":"https:\/\/ostrowskatv.pl\/index.php?rest_route=%2Fwp%2Fv2%2Fcomments&post=7496"}],"version-history":[{"count":0,"href":"https:\/\/ostrowskatv.pl\/index.php?rest_route=\/wp\/v2\/posts\/7496\/revisions"}],"wp:featuredmedia":[{"embeddable":true,"href":"https:\/\/ostrowskatv.pl\/index.php?rest_route=\/wp\/v2\/media\/7500"}],"wp:attachment":[{"href":"https:\/\/ostrowskatv.pl\/index.php?rest_route=%2Fwp%2Fv2%2Fmedia&parent=7496"}],"wp:term":[{"taxonomy":"category","embeddable":true,"href":"https:\/\/ostrowskatv.pl\/index.php?rest_route=%2Fwp%2Fv2%2Fcategories&post=7496"},{"taxonomy":"post_tag","embeddable":true,"href":"https:\/\/ostrowskatv.pl\/index.php?rest_route=%2Fwp%2Fv2%2Ftags&post=7496"}],"curies":[{"name":"wp","href":"https:\/\/api.w.org\/{rel}","templated":true}]}}