{"id":749,"date":"2016-04-07T14:17:28","date_gmt":"2016-04-07T13:17:28","guid":{"rendered":"http:\/\/ostrowska.tv\/?p=749"},"modified":"2016-04-07T14:18:46","modified_gmt":"2016-04-07T13:18:46","slug":"tz-ostrovia-ma-plany-memorial-rifa-w-silnej-obsadzie","status":"publish","type":"post","link":"https:\/\/ostrowskatv.pl\/?p=749","title":{"rendered":"T\u017b Ostrovia ma plany. Memoria\u0142 Rifa w silnej obsadzie!"},"content":{"rendered":"<p><strong>T\u017b Ostrovia Ostr\u00f3w zorganizowa\u0142o w \u015brod\u0119 p\u00f3\u0142fina\u0142 krajowych eliminacji do Indywidualnych Mistrzostw \u015awiata Junior\u00f3w. Po zako\u0144czeniu imprezy o planach na najbli\u017csz\u0105 i nieco dalsz\u0105 przysz\u0142o\u015b\u0107 rozmawiali\u015bmy z prezesem klubu Rados\u0142awem Strzelczykiem.<\/strong><\/p>\n<div style=\"width: 640px;\" class=\"wp-video\"><video class=\"wp-video-shortcode\" id=\"video-749-1\" width=\"640\" height=\"360\" preload=\"metadata\" controls=\"controls\"><source type=\"video\/mp4\" src=\"http:\/\/ostrowska.tv\/wp-content\/uploads\/2016\/04\/prezes-tz-ostrovia-04-2016.mp4?_=1\" \/><a href=\"http:\/\/ostrowska.tv\/wp-content\/uploads\/2016\/04\/prezes-tz-ostrovia-04-2016.mp4\">http:\/\/ostrowska.tv\/wp-content\/uploads\/2016\/04\/prezes-tz-ostrovia-04-2016.mp4<\/a><\/video><\/div>\n<p>Jak wiadomo, w sezonie 2016 \u017cu\u017cla w ligowym wydaniu w Ostrowie nie b\u0119dzie. Dzia\u0142a\u0107 zamierza jednak klubu \u2013 T\u017b Ostrovia, kt\u00f3ra zaj\u0119\u0142o miejsce \u017bKS Ostrovii prowadzonej przez Miros\u0142awa Wodniczaka.<\/p>\n<blockquote><p>&#8211; W tym roku najwa\u017cniejsze jest dla nas szkolenie m\u0142odzie\u017cy. To cel numer jeden. Dzi\u0119ki takim turniejom jak ten w \u015brod\u0119 czy MDMP b\u0119dziemy chcieli ten rok przetrzyma\u0107. Poza tym, prowadzimy ju\u017c nab\u00f3r do szk\u00f3\u0142ki \u2013 t\u0142umaczy prezes T\u017b Ostrovia Rados\u0142aw Strzelczyk.<\/p><\/blockquote>\n<p>Do szk\u00f3\u0142ki mog\u0105 zg\u0142asza\u0107 si\u0119 ch\u0142opcy od 14 do 16 roku \u017cycia. &#8211; Treningi szk\u00f3\u0142ki odbywaj\u0105 si\u0119 ju\u017c od dw\u00f3ch tygodni. Tak dzieje si\u0119 w ka\u017cdy wtorek i czwartek. Ich cz\u0119stotliwo\u015b\u0107 jest uzale\u017cniona od pogody \u2013 wyja\u015bnia prezes klubu.<\/p>\n<p>T\u017b Ostrovia w dalszym ci\u0105gu podtrzymuje, \u017ce po zako\u0144czeniu tegorocznych rozgrywek chce z\u0142o\u017cy\u0107 wniosek licencyjny na starty w lidze w sezonie 2017.<\/p>\n<blockquote><p>&#8211; B\u0119dziemy ca\u0142y czas do tego d\u0105\u017cy\u0107. My\u015bl\u0119, \u017ce wszystko idzie ku dobremu. W ostrowskim \u017cu\u017clu jeste\u015bmy nowymi lud\u017ami, ale zrobimy wszystko, by wystartowa\u0107. Uwa\u017cam, \u017ce na pewno nam si\u0119 to uda. Jeste\u015bmy w kontakcie z w\u0142adzami miasta. W bie\u017c\u0105cym roku otrzymali\u015bmy ju\u017c wsparcie na szkolenie m\u0142odzie\u017cy. Rozmowy na temat przysz\u0142ego sezonu te\u017c ju\u017c trwaj\u0105 \u2013 przekonuje Strzelczyk.<\/p><\/blockquote>\n<p>Ostrowski klub w najbli\u017cszym czasie b\u0119dzie r\u00f3wnie\u017c przygotowywa\u0107 si\u0119 do organizacji memoria\u0142u Rifa Saitgariejewa. Impreza ma odby\u0107 si\u0119 21 maja w ciekawej obsadzie.<\/p>\n<blockquote><p>&#8211; Stadion wymaga remontu, je\u015bli chcemy otrzyma\u0107 pozwolenie na imprezy masowe. Rozmowy na temat stawki tego turnieju trwaj\u0105. Nie mamy jeszcze oficjalnych potwierdze\u0144, kto pojedzie w zawodach. Chcemy mie\u0107 jednak w obsadzie sze\u015bciu czy siedmiu \u017cu\u017clowc\u00f3w z najwy\u017cszej p\u00f3\u0142ki. Do nich zamierzamy do\u0142o\u017cy\u0107 reszt\u0119, kt\u00f3ra wcale nie musi by\u0107 gorsza. Wkr\u00f3tce zaczniemy og\u0142asza\u0107 nazwiska \u2013 dodaje na zako\u0144czenie Rados\u0142aw Strzelczyk.<\/p><\/blockquote>\n","protected":false},"excerpt":{"rendered":"T\u017b Ostrovia Ostr\u00f3w zorganizowa\u0142o w \u015brod\u0119 p\u00f3\u0142fina\u0142 krajowych eliminacji do Indywidualnych Mistrzostw \u015awiata Junior\u00f3w. Po zako\u0144czeniu imprezy o planach na najbli\u017csz\u0105 i nieco \n<a class=\"moretag\" href=\"https:\/\/ostrowskatv.pl\/?p=749\"> [...]<\/a>","protected":false},"author":1,"featured_media":752,"comment_status":"open","ping_status":"open","sticky":false,"template":"","format":"standard","meta":{"footnotes":""},"categories":[1],"tags":[8],"class_list":["post-749","post","type-post","status-publish","format-standard","has-post-thumbnail","hentry","category-news","tag-zuzel"],"_links":{"self":[{"href":"https:\/\/ostrowskatv.pl\/index.php?rest_route=\/wp\/v2\/posts\/749","targetHints":{"allow":["GET"]}}],"collection":[{"href":"https:\/\/ostrowskatv.pl\/index.php?rest_route=\/wp\/v2\/posts"}],"about":[{"href":"https:\/\/ostrowskatv.pl\/index.php?rest_route=\/wp\/v2\/types\/post"}],"author":[{"embeddable":true,"href":"https:\/\/ostrowskatv.pl\/index.php?rest_route=\/wp\/v2\/users\/1"}],"replies":[{"embeddable":true,"href":"https:\/\/ostrowskatv.pl\/index.php?rest_route=%2Fwp%2Fv2%2Fcomments&post=749"}],"version-history":[{"count":0,"href":"https:\/\/ostrowskatv.pl\/index.php?rest_route=\/wp\/v2\/posts\/749\/revisions"}],"wp:featuredmedia":[{"embeddable":true,"href":"https:\/\/ostrowskatv.pl\/index.php?rest_route=\/wp\/v2\/media\/752"}],"wp:attachment":[{"href":"https:\/\/ostrowskatv.pl\/index.php?rest_route=%2Fwp%2Fv2%2Fmedia&parent=749"}],"wp:term":[{"taxonomy":"category","embeddable":true,"href":"https:\/\/ostrowskatv.pl\/index.php?rest_route=%2Fwp%2Fv2%2Fcategories&post=749"},{"taxonomy":"post_tag","embeddable":true,"href":"https:\/\/ostrowskatv.pl\/index.php?rest_route=%2Fwp%2Fv2%2Ftags&post=749"}],"curies":[{"name":"wp","href":"https:\/\/api.w.org\/{rel}","templated":true}]}}