{"id":7475,"date":"2018-10-03T14:24:20","date_gmt":"2018-10-03T13:24:20","guid":{"rendered":"http:\/\/ostrowska.tv\/?p=7475"},"modified":"2018-10-03T16:05:55","modified_gmt":"2018-10-03T15:05:55","slug":"hala-przy-kusocinskiego-z-dotacja-od-ministra-sportu","status":"publish","type":"post","link":"https:\/\/ostrowskatv.pl\/?p=7475","title":{"rendered":"Hala przy Kusoci\u0144skiego z dotacj\u0105 od ministra sportu"},"content":{"rendered":"<p><strong>&#8222;Obiekt o szczeg\u00f3lnym znaczeniu dla sportu&#8221; &#8211; Hala widowiskowo-sportowa przy ul. Kusoci\u0144skiego otrzyma 3 miliony dotacji na modernizacj\u0119. Dzi\u015b symbolicznie wmurowano akt erekcyjny przed hal\u0105. Obecni na konferencji poza przedstawicielami BM Slam Stali, by\u0142 sekretarz stanu w Ministerstwie Sportu Jaros\u0142aw Stawarski oraz \u0141ukasz Miko\u0142ajczyk i Marlena Mal\u0105g z Prawa i Sprawiedliwo\u015bci. <\/strong><\/p>\n<p>Hala przy Kusoci\u0144skiego zosta\u0142a uznana jako obiekt o szczeg\u00f3lnym znaczeniu dla sportu. &#8211; S\u0105 to takie obiekty, kt\u00f3re s\u0142u\u017c\u0105 konkretnej dyscyplinie lub kilku naraz dla ich rozwoju. M\u00f3wimy o dofinansowaniu z uwagi na olimpijsk\u0105 koszyk\u00f3wk\u0119. Hala ma s\u0142u\u017cy\u0107 rozwojowi tej dyscypliny. Sp\u00f3\u0142ka BM Slam, po otrzymaniu 23% kwoty dofinansowania, Polski Zwi\u0105zek Koszyk\u00f3wki ma prawo bezp\u0142atnie korzysta\u0107 z hali na potrzeby zgromadzenia kadry (senior\u00f3w, junior\u00f3w, m\u0142odzie\u017cowc\u00f3w) czy na obozy sportowe. PZK ma prawo prowadzi\u0107 zaj\u0119cia z kadrami wojew\u00f3dzkimi. Odbywa\u0107 si\u0119 mog\u0105 zgrupowania dru\u017cyn, z kt\u00f3rych wy\u0142ania si\u0119 kadra. Obiekt ten b\u0119dzie\u00a0 mie\u0107 drugiego gospodarza, poza pierwszym BM Slam Stal\u0105, ale r\u00f3wnie\u017c Polski Zwi\u0105zek Koszyk\u00f3wki. Umowa b\u0119dzie trwa\u0107 10 lat. Umowa musi by\u0107 przestrzegana bezwzgl\u0119dnie. Przez ten czas sp\u00f3\u0142ka nie mo\u017ce sprzeda\u0107 obiektu i nie mo\u017ce prowadzi\u0107 bez zgody innego rodzaju imprez. To s\u0105 pieni\u0105dze publiczne, na kt\u00f3re szczeg\u00f3lnie zwracamy uwag\u0119. &#8211; Jaros\u0142aw Stawarski, sekretarz stanu w Ministerstwie Sportu.<\/p>\n<p>O dotacje mog\u0142y ubiega\u0107 si\u0119 zar\u00f3wno podmioty prywatne jak i publiczne. Rok temu uzyska\u0142o dotacj\u0119 m.in. Legia S.A, Cracovia S.A., S\u0142owianka S.A., Jagiellonia S.A. S\u0105 to prywatne podmioty realizuj\u0105ce zadania sportowe.\u00a0 Zaj\u0119cia sportowe powinny zajmowa\u0107 95% czasu u\u017cytkowania hali.<\/p>\n<p>Dla Ministerstwa jest r\u00f3wno\u015b\u0107 podmiot\u00f3w. O dotacje r\u00f3wnie\u017c mo\u017ce wyst\u0105pi\u0107 miasto, cho\u0107 do tej pory nie z\u0142o\u017cy\u0142o \u017cadnego wniosku. Wniosek si\u0119 opiniuje i sprawdza. Przy Kusoci\u0144skiego jest klimat dla koszyk\u00f3wki, b\u0119d\u0105 odbywa\u0107 si\u0119 tutaj szkolenia. Jest to wynik dogadania si\u0119 BM Slamu z Polskim Zwi\u0105zkiem Koszyk\u00f3wki.<\/p>\n<div id='gallery-1' class='gallery galleryid-7475 gallery-columns-3 gallery-size-thumbnail'><figure class='gallery-item'>\n\t\t\t<div class='gallery-icon landscape'>\n\t\t\t\t<a href='https:\/\/ostrowskatv.pl\/?attachment_id=7480'><img loading=\"lazy\" decoding=\"async\" width=\"150\" height=\"150\" src=\"https:\/\/ostrowskatv.pl\/wp-content\/uploads\/2018\/10\/hala-k1-150x150.jpg\" class=\"attachment-thumbnail size-thumbnail\" alt=\"\" \/><\/a>\n\t\t\t<\/div><\/figure><figure class='gallery-item'>\n\t\t\t<div class='gallery-icon landscape'>\n\t\t\t\t<a href='https:\/\/ostrowskatv.pl\/?attachment_id=7482'><img loading=\"lazy\" decoding=\"async\" width=\"150\" height=\"150\" src=\"https:\/\/ostrowskatv.pl\/wp-content\/uploads\/2018\/10\/hala-k1-x2018-1-150x150.jpg\" class=\"attachment-thumbnail size-thumbnail\" alt=\"\" \/><\/a>\n\t\t\t<\/div><\/figure><figure class='gallery-item'>\n\t\t\t<div class='gallery-icon landscape'>\n\t\t\t\t<a href='https:\/\/ostrowskatv.pl\/?attachment_id=7483'><img loading=\"lazy\" decoding=\"async\" width=\"150\" height=\"150\" src=\"https:\/\/ostrowskatv.pl\/wp-content\/uploads\/2018\/10\/hala-k1-x2018-2-150x150.jpg\" class=\"attachment-thumbnail size-thumbnail\" alt=\"\" \/><\/a>\n\t\t\t<\/div><\/figure><figure class='gallery-item'>\n\t\t\t<div class='gallery-icon landscape'>\n\t\t\t\t<a href='https:\/\/ostrowskatv.pl\/?attachment_id=7478'><img loading=\"lazy\" decoding=\"async\" width=\"150\" height=\"150\" src=\"https:\/\/ostrowskatv.pl\/wp-content\/uploads\/2018\/10\/hala_k1_konf2-150x150.jpg\" class=\"attachment-thumbnail size-thumbnail\" alt=\"\" \/><\/a>\n\t\t\t<\/div><\/figure><figure class='gallery-item'>\n\t\t\t<div class='gallery-icon landscape'>\n\t\t\t\t<a href='https:\/\/ostrowskatv.pl\/?attachment_id=7479'><img loading=\"lazy\" decoding=\"async\" width=\"150\" height=\"150\" src=\"https:\/\/ostrowskatv.pl\/wp-content\/uploads\/2018\/10\/hala_k1_konf-150x150.jpg\" class=\"attachment-thumbnail size-thumbnail\" alt=\"\" \/><\/a>\n\t\t\t<\/div><\/figure><figure class='gallery-item'>\n\t\t\t<div class='gallery-icon landscape'>\n\t\t\t\t<a href='https:\/\/ostrowskatv.pl\/?attachment_id=7481'><img loading=\"lazy\" decoding=\"async\" width=\"150\" height=\"150\" src=\"https:\/\/ostrowskatv.pl\/wp-content\/uploads\/2018\/10\/mikolajczyk3-150x150.jpg\" class=\"attachment-thumbnail size-thumbnail\" alt=\"\" \/><\/a>\n\t\t\t<\/div><\/figure>\n\t\t<\/div>\n\n","protected":false},"excerpt":{"rendered":"&#8222;Obiekt o szczeg\u00f3lnym znaczeniu dla sportu&#8221; &#8211; Hala widowiskowo-sportowa przy ul. Kusoci\u0144skiego otrzyma 3 miliony dotacji na modernizacj\u0119. Dzi\u015b symbolicznie wmurowano akt erekcyjny \n<a class=\"moretag\" href=\"https:\/\/ostrowskatv.pl\/?p=7475\"> [...]<\/a>","protected":false},"author":1,"featured_media":7476,"comment_status":"open","ping_status":"closed","sticky":false,"template":"","format":"standard","meta":{"footnotes":""},"categories":[1],"tags":[2],"class_list":["post-7475","post","type-post","status-publish","format-standard","has-post-thumbnail","hentry","category-news","tag-ostrow-wielkopolski"],"_links":{"self":[{"href":"https:\/\/ostrowskatv.pl\/index.php?rest_route=\/wp\/v2\/posts\/7475","targetHints":{"allow":["GET"]}}],"collection":[{"href":"https:\/\/ostrowskatv.pl\/index.php?rest_route=\/wp\/v2\/posts"}],"about":[{"href":"https:\/\/ostrowskatv.pl\/index.php?rest_route=\/wp\/v2\/types\/post"}],"author":[{"embeddable":true,"href":"https:\/\/ostrowskatv.pl\/index.php?rest_route=\/wp\/v2\/users\/1"}],"replies":[{"embeddable":true,"href":"https:\/\/ostrowskatv.pl\/index.php?rest_route=%2Fwp%2Fv2%2Fcomments&post=7475"}],"version-history":[{"count":0,"href":"https:\/\/ostrowskatv.pl\/index.php?rest_route=\/wp\/v2\/posts\/7475\/revisions"}],"wp:featuredmedia":[{"embeddable":true,"href":"https:\/\/ostrowskatv.pl\/index.php?rest_route=\/wp\/v2\/media\/7476"}],"wp:attachment":[{"href":"https:\/\/ostrowskatv.pl\/index.php?rest_route=%2Fwp%2Fv2%2Fmedia&parent=7475"}],"wp:term":[{"taxonomy":"category","embeddable":true,"href":"https:\/\/ostrowskatv.pl\/index.php?rest_route=%2Fwp%2Fv2%2Fcategories&post=7475"},{"taxonomy":"post_tag","embeddable":true,"href":"https:\/\/ostrowskatv.pl\/index.php?rest_route=%2Fwp%2Fv2%2Ftags&post=7475"}],"curies":[{"name":"wp","href":"https:\/\/api.w.org\/{rel}","templated":true}]}}