{"id":7472,"date":"2018-10-02T20:18:23","date_gmt":"2018-10-02T19:18:23","guid":{"rendered":"http:\/\/ostrowska.tv\/?p=7472"},"modified":"2018-10-02T20:18:23","modified_gmt":"2018-10-02T19:18:23","slug":"ostrowscy-lekarze-krytycznie-o-decyzji-lekarki-z-krotoszyna","status":"publish","type":"post","link":"https:\/\/ostrowskatv.pl\/?p=7472","title":{"rendered":"Ostrowscy lekarze krytycznie o decyzji lekarki z Krotoszyna"},"content":{"rendered":"<p><strong>Sprawa 6-miesi\u0119cznego ch\u0142opca z po\u0142kni\u0119t\u0105 agrafk\u0105 wzbudzi\u0142a mieszane emocje. Z jednej strony gratulacje dla policjant\u00f3w eskortuj\u0105cych auto z rodzin\u0105. Z drugiej krytyka lekarki, kt\u00f3ra zaleci\u0142a rodzicom jecha\u0107 w\u0142asnym autem do szpitala oddalonego o 30 kilometr\u00f3w. Ostrowscy lekarze zabrali g\u0142os w sprawie.<\/strong><\/p>\n<p> &#8211; Dziecko trafi\u0142o do nas w takich okoliczno\u015bciach, do\u015b\u0107 niezwyk\u0142ych, gdy\u017c z s\u0105siedniego szpitala by\u0142o transportowane czy wsp\u00f3\u0142transportowane z policj\u0105. Lokalizacja cia\u0142a obcego by\u0142a w dolnej cz\u0119\u015bci gard\u0142a i by\u0142a pewnym realnym stanem zagro\u017cenia. Ten przedmiot by\u0142 u\u0142o\u017cony w dolnej cz\u0119\u015bci szyi, tak\u017ce mo\u017cna by\u0142o domniemywa\u0107, \u017ce on jednak jako\u015b uszkodzi\u0142 czy wbi\u0142 si\u0119, w kt\u00f3r\u0105\u015b z tych struktur prze\u0142yku. Po skonsultowaniu si\u0119 o\u015brodkiem o wy\u017cszej referencji, klinik\u0105 chirurgii dzieci\u0119cej we Wroc\u0142awiu, podj\u0119to wsp\u00f3ln\u0105 decyzj\u0119, z uwagi na stabilny stan dziecka, \u017ceby przetransportowa\u0107 je w\u0142a\u015bnie tam. Transport odby\u0142 si\u0119 karetk\u0105 na sygnale z lekarzem i matk\u0105 na pok\u0142adzie. &#8211; komentowa\u0142 Witold Mia\u015bkiewicz, kierownik Chirurgii Dzieci\u0119cej w Ostrowie Wlkp.<\/p>\n<p>&#8211; Taka sytuacja kiedy agrafka by\u0142a rozpr\u0119\u017cona, otworzona, by\u0142a realnym zagro\u017ceniem dla pacjenta.  &#8211; doda\u0142 wprost Mia\u015bkiewicz. Podczas podr\u00f3\u017cy z Krotoszyna do Ostrowa prywatnym samochodem nast\u0105pi\u0142o dalsze przemieszczenie si\u0119 agrafki. &#8211; W tej sytuacji zalecanie transportu prywatnego, kt\u00f3ra mia\u0142 miejsce, w mojej ocenie i podkre\u015blam w mojej ocenie, by\u0142o nieprawid\u0142owe. &#8211; powiedzia\u0142 Mia\u015bkiewicz.<br \/>\nLekarze twierdz\u0105, \u017ce ju\u017c w Ostrowie podj\u0119liby wyci\u0105gania agrafki, je\u017celi stan 6-miesi\u0119cznego dziecka by\u0142by niestabilny. W zastanej sytuacji, bior\u0105c pod uwag\u0119 mo\u017cliwe komplikacje, podj\u0119to decyzj\u0119 przekazania pacjenta do bardziej do\u015bwiadczonego o\u015brodka.<\/p>\n<p>Podobnego zdania by\u0142 lekarz Adam Stangret z ostrowskiego SOR-u. <\/p>\n<p>&#8211; My by\u015bmy zrobili to inaczej. Transport karetk\u0105 to mo\u017cliwo\u015b\u0107 zastosowania profesjonalnego sprz\u0119tu, opieka ratownika i lekarza. W mojej wieloletniej praktyce lekarskiej nie spotka\u0142em si\u0119 z zalecaniem przejazdu prywatnym autem do innego szpitala. Nie by\u0142 zadysponowany \u015bmig\u0142owiec, poniewa\u017c ten z Micha\u0142kowa nie pe\u0142ni\u0142 ju\u017c dy\u017cury, a wroc\u0142awski ma pod sob\u0105 ca\u0142y region Dolnego \u015al\u0105ska. Ponadto organizowanie takiego transportu mi\u0119dzyszpitalnego trwa d\u0142u\u017cej ni\u017c lot do zdarzenia. Ponadto na pok\u0142ad nie wsiad\u0142aby matka dziecka, co ma znaczenie psychiczne dla niego. Dodatkowo przelot do Ostrowa i z powrotem by\u0142by por\u00f3wnywalny do przejazdu karetk\u0105. Nie mo\u017cna te\u017c zapomina\u0107 o konieczno\u015bci przygotowania pacjenta jak np. zaintubowanie go i podanie stosownych lek\u00f3w. &#8211; Adam Stangret, Szpitalny Oddzia\u0142 Ratunkowy w Ostrowie Wlkp.<\/p>\n<p>Post\u0119powanie sprawdzaj\u0105ce wszcz\u0119\u0142a prokuratura na podstawie doniesie\u0144 medialnych oraz Rzecznik Praw Pacjenta.<\/p>\n","protected":false},"excerpt":{"rendered":"Sprawa 6-miesi\u0119cznego ch\u0142opca z po\u0142kni\u0119t\u0105 agrafk\u0105 wzbudzi\u0142a mieszane emocje. Z jednej strony gratulacje dla policjant\u00f3w eskortuj\u0105cych auto z rodzin\u0105. Z drugiej krytyka lekarki, \n<a class=\"moretag\" href=\"https:\/\/ostrowskatv.pl\/?p=7472\"> [...]<\/a>","protected":false},"author":1,"featured_media":7473,"comment_status":"open","ping_status":"closed","sticky":false,"template":"","format":"standard","meta":{"footnotes":""},"categories":[1],"tags":[2],"class_list":["post-7472","post","type-post","status-publish","format-standard","has-post-thumbnail","hentry","category-news","tag-ostrow-wielkopolski"],"_links":{"self":[{"href":"https:\/\/ostrowskatv.pl\/index.php?rest_route=\/wp\/v2\/posts\/7472","targetHints":{"allow":["GET"]}}],"collection":[{"href":"https:\/\/ostrowskatv.pl\/index.php?rest_route=\/wp\/v2\/posts"}],"about":[{"href":"https:\/\/ostrowskatv.pl\/index.php?rest_route=\/wp\/v2\/types\/post"}],"author":[{"embeddable":true,"href":"https:\/\/ostrowskatv.pl\/index.php?rest_route=\/wp\/v2\/users\/1"}],"replies":[{"embeddable":true,"href":"https:\/\/ostrowskatv.pl\/index.php?rest_route=%2Fwp%2Fv2%2Fcomments&post=7472"}],"version-history":[{"count":0,"href":"https:\/\/ostrowskatv.pl\/index.php?rest_route=\/wp\/v2\/posts\/7472\/revisions"}],"wp:featuredmedia":[{"embeddable":true,"href":"https:\/\/ostrowskatv.pl\/index.php?rest_route=\/wp\/v2\/media\/7473"}],"wp:attachment":[{"href":"https:\/\/ostrowskatv.pl\/index.php?rest_route=%2Fwp%2Fv2%2Fmedia&parent=7472"}],"wp:term":[{"taxonomy":"category","embeddable":true,"href":"https:\/\/ostrowskatv.pl\/index.php?rest_route=%2Fwp%2Fv2%2Fcategories&post=7472"},{"taxonomy":"post_tag","embeddable":true,"href":"https:\/\/ostrowskatv.pl\/index.php?rest_route=%2Fwp%2Fv2%2Ftags&post=7472"}],"curies":[{"name":"wp","href":"https:\/\/api.w.org\/{rel}","templated":true}]}}