{"id":7464,"date":"2018-09-30T23:13:04","date_gmt":"2018-09-30T22:13:04","guid":{"rendered":"http:\/\/ostrowska.tv\/?p=7464"},"modified":"2018-09-30T23:20:49","modified_gmt":"2018-09-30T22:20:49","slug":"korwin-mikke-znowu-szokowal","status":"publish","type":"post","link":"https:\/\/ostrowskatv.pl\/?p=7464","title":{"rendered":"Korwin-Mikke znowu szokowa\u0142"},"content":{"rendered":"<p><strong>Ci, kt\u00f3rzy przybyli na spotkanie z Januszem Korwin-Mikke nie mog\u0105 \u017ca\u0142owa\u0107. Lider partii Wolno\u015b\u0107 przyby\u0142 do Ostrowa Wielkopolskiego, by w nKlubie wyg\u0142osi\u0107 komentarz do bie\u017c\u0105cych wydarze\u0144 w kraju i na \u015bwiecie. Przy okazji zaprezentowano kandydat\u00f3w do Rady Powiatu Ostrowskiego, w sk\u0142ad kt\u00f3rej wchodz\u0105 przedstawiciele Narodowc\u00f3w, partii Wolno\u015b\u0107 i Kukiz`15. Jak sami powiedzieli, chc\u0105 wej\u015b\u0107 do rady, \u017ceby przyjrze\u0107 si\u0119 uk\u0142adom.<\/strong><\/p>\n<p>Janusz Korwin-Mikke na pocz\u0105tku stwierdzi\u0142, \u017ce nie b\u0119dzie t\u0142umaczy\u0107 czym jest samorz\u0105d. Zaproponowa\u0142 internautom obejrzenie <a href=\"https:\/\/www.youtube.com\/watch?v=Z7_2iNEXVu8\">TEGO<\/a> filmu. Poni\u017cej przedstawiamy g\u0142\u00f3wne my\u015bli lidera partii Wolno\u015b\u0107, kt\u00f3re pad\u0142y podczas spotkania. Ca\u0142y zapis w materiale wideo.<\/p>\n<p><iframe loading=\"lazy\" title=\"Janusz Korwin-Mikke w Ostrowie Wlkp.\" width=\"747\" height=\"420\" src=\"https:\/\/www.youtube.com\/embed\/p62KKdyU99w?feature=oembed\" frameborder=\"0\" allow=\"accelerometer; autoplay; clipboard-write; encrypted-media; gyroscope; picture-in-picture; web-share\" referrerpolicy=\"strict-origin-when-cross-origin\" allowfullscreen><\/iframe><\/p>\n<p>Janusz Korwin-Mikke: Teraz wszystko co jest, musi si\u0119 rozwali\u0107. Obecny ustr\u00f3j wkr\u00f3tce padnie, nie dlatego \u017ce jest z\u0142y, tylko dlatego, \u017ce bankrutuje (poda\u0142 na wz\u00f3r USA). &#8211; Chyba, \u017ce normalno\u015b\u0107 przywr\u00f3c\u0105 Arabowie lub Muzu\u0142manie. Musimy si\u0119 szykowa\u0107, gdy ten czas nast\u0105pi (na wz\u00f3r poda\u0142 W\u0142ochy). Korwin ma nadziej\u0119, \u017ce wojsko pozostanie po w\u0142a\u015bciwej stronie. Ludzie, kt\u00f3rzy zachwalaj\u0105 PiS za 500+, sami zaczn\u0105 protestowa\u0107.<\/p>\n<p>&#8211; Chcemy by wszyscy mogli si\u0119 bogaci\u0107, chocia\u017c w r\u00f3\u017cnym tempie. Obecnie \u017cyjemy w lewicowym eurosocjalizmie. Cokolwiek si\u0119 nie zrobi i tak b\u0119dzie po r\u00f3wno. Jak b\u0119dzie leniem, to po dw\u00f3ch dniach si\u0119 nawr\u00f3ci. Zasi\u0142ek nie uczy rozumu, uczy bezradno\u015bci. Nie mo\u017cna dawa\u0107 zasi\u0142k\u00f3w dla samotnych matek. Socjali\u015bci w ten spos\u00f3b niszcz\u0105 nar\u00f3d. Trzeba im \u0142apy poucina\u0107. My prawica my\u015blimy o przysz\u0142o\u015bci, o tym co b\u0119dzie z Polsk\u0105 za 20-30 lat, a socjali\u015bci o tera\u017aniejszo\u015bci. Chcia\u0142em \u017ceby zakaza\u0107 zad\u0142u\u017cania kraju. Teraz ka\u017cdy kto si\u0119 rodzi ma ~28 000 z\u0142 d\u0142ugu. Wtedy by\u0142 ryk Sejmu, bo wyborcy chcieli by zad\u0142u\u017ca\u0107 kraj. Politycy chc\u0105 wygrywa\u0107 dzisiejsze wybory a nie my\u015bl\u0105 o przysz\u0142o\u015bci.<\/p>\n<p>Nar\u00f3d to nie jest dzisiejsze spo\u0142ecze\u0144stwo. Za dwa dni to b\u0119dzie inne spo\u0142ecze\u0144stwo. Nar\u00f3d to s\u0105 nasi przodkowie, kt\u00f3rzy przekazali nam warto\u015bci. Rz\u0105dz\u0105cy Europ\u0105 maj\u0105 g\u0142owy pe\u0142ne dogmat\u00f3w. Gdy im si\u0119 powie co\u015b normalnego, robi\u0105 wielkie oczy. Prawa kobiet w parlamencie europejskim s\u0105 dziwnie realizowane, przyk\u0142ad konieczno\u015bci uproszczenia procent\u00f3w dla kobiet, poniewa\u017c ich nie rozumiej\u0105.<\/p>\n<p>Kiedy\u015b Europa mia\u0142a najlepsze warto\u015bci na \u015bwiecie. Teraz jest ca\u0142kowicie odwrotnie. Lepiej by\u0142oby, \u017ceby Polska by\u0142a pod okupacj\u0105 Arab\u00f3w. Kiedy Hiszpania by\u0142a pod okupacj\u0105 arabsk\u0105, by\u0142a chrze\u015bcija\u0144ska, a teraz to zanika. U Arab\u00f3w zakazane s\u0105 podatki typu dochodowe. Kiedy\u015b w Europie by\u0142a kara \u015bmierci, a teraz musimy czeka\u0107 na Arab\u00f3w, a\u017c j\u0105 przyprowadz\u0105.<\/p>\n<p>(Opisanie sprawy dziecka, kt\u00f3rego rodzice chcieli \u017ceby umar\u0142o (Alfi Evans)).<\/p>\n<p>Daje si\u0119 do klasy jednego czy dw\u00f3ch debili i poziom klasy si\u0119 obni\u017ca. Kiedy\u015b uczy\u0142 si\u0119 ch\u0142opak\u00f3w bi\u0107, a teraz banda urz\u0119dnik\u00f3w chce by nar\u00f3d by\u0142 potulny. Ch\u0142opcy maj\u0105 by\u0107 agresywni, bo kto nas b\u0119dzie broni\u0107. Ka\u017cda dziewczyna wie, \u017ce ch\u0142opak musi mie\u0107 jaja, mo\u017ce jej przyleje, ale j\u0105 obroni. Kolejny przyk\u0142ad, gdzie dziewczyna by\u0142a gwa\u0142cona, a jej ch\u0142opak chcia\u0142 z napastnikiem negocjowa\u0107.<\/p>\n<p>O globalnym ociepleniu &#8211; \u017ce jest to cykl, bo kiedy\u015b te\u017c by\u0142o.<\/p>\n<p>Czy wojska uda powinny stacjonowa\u0107 w Polsce? &#8211; nie, bo nas nie obroni\u0105 m.in. przed Ukrain\u0105. S\u0105 zagro\u017cenia ze strony obecno\u015bci obcych wojsk. Ponadto Polska powinna dotrzymywa\u0107 s\u0142owa, bo Rosja wyrazi\u0142a zgod\u0119 na wej\u015bcie Polski do NATO, ale pod warunkiem. \u017ce nie b\u0119d\u0105 ich wojska stacjonowa\u0107 na terenie Polski. Odtajniono akta uk\u0142adu warszawskiego na co Rosja te\u017c nie wyrazi\u0142a zgody. Jeszcze stanom zjednoczonym p\u0142acimy za ich wojska, jeste\u015bmy ich pacho\u0142kami. Mamy w rz\u0105dzie idiot\u00f3w. Rozmawiam z Niemcami i Rosjanami i wszyscy nas uwa\u017caj\u0105 za pacho\u0142ka Amerykan\u00f3w. Jak widzimy zachowanie Dudy w Ameryce, to wida\u0107 \u017ce jest to piesek pokojowy.<\/p>\n<p>Pytanie od uczestnika spotkania dotycz\u0105ce Wenezueli i socjalizmu &#8211; s\u0105 ludzie kt\u00f3rzy my\u015bl\u0105 co si\u0119 mo\u017ce sta\u0107. Z ty\u0142u g\u0142owy s\u0105 my\u015bli, \u017ce mo\u017ce by\u0107 nowy Hitler czy Stalin. Ludzie w Unii nie maj\u0105 takiego przewodnictwa.<\/p>\n<p>Przemy\u015blenia nt. budowy drapaczy chmur. Pod rz\u0105dami Unii Europejskiej zdychamy. Nienawidzi Europy i pozytywnie o Rosji.<\/p>\n<p>W\u0105tek zasi\u0142k\u00f3w dla uchod\u017ac\u00f3w.<\/p>\n<p>Pytanie o ustaw\u0119 447 &#8211; USA t\u0119pi\u0105 nacjonalizm. Ustawa ka\u017ce monitorowa\u0107 czy zwracane s\u0105 maj\u0105tki \u017cydowskie. Jest to czysty nacjonalizm i nie ma powodu, by mienie jednego \u017byda oddawa\u0107 innemu \u017bydowi. My si\u0119 na to nie godzimy. Pytanie dotycz\u0105ce gospodarki odpadami. M\u00f3wi, \u017ce lepiej funkcjonowa\u0142o, gdy by\u0142o prywatne, a teraz jest to kwestia powiatu.<\/p>\n<p>Dobro \u015brodowiska &#8211; nie wiadomo czy b\u0119dzie cieplej. Gro\u017c\u0105 nam, \u017ce za 200 lat temperatura wzro\u015bnie o 2 stopnie. W Ostrowie b\u0119dzie tak jak w Belgradzie. Globalne ocieplenie jest czym\u015b dobrym. D\u0142u\u017cej trwa\u0142y prace na budowach. Nie m\u00f3wi si\u0119 o globalnym ociepleniu tylko o zmianach klimatu. Chodzi o branie pieni\u0119dzy za walk\u0119, bo zawsze mo\u017cna cz\u0119\u015b\u0107 ukra\u015b\u0107. Nie ma sensu walczy\u0107 ze zmianami klimatu. S\u0105 cykle klimatyczne. Jak za du\u017co palimy w\u0119glem to produkujemy dwutlenek w\u0119gla, a w\u0119giel powsta\u0142 z ro\u015blin. Ziemia si\u0119 zieleni. Hel zala\u0142o w XVI wieku, gdy by\u0142o globalne ozi\u0119bienie. Cz\u0119\u015b\u0107 lodu zamieni si\u0119 w wod\u0119, a cz\u0119\u015b\u0107 wody zamieni si\u0119 w par\u0119. Wszystko b\u0119dzie w r\u00f3wnowadze. W szko\u0142ach wbija si\u0119 g\u0142upoty \u017ce trzeba walczy\u0107 z globalnym ociepleniem.<\/p>\n<p>Przymus szczepie\u0144 3 pa\u017adziernika czy stanie z protestuj\u0105cymi &#8211; nasi wrogowie pomijaj\u0105 argumenty milczeniem. Jeste\u015bmy racjonalnie i to rodzice powinni decydowa\u0107 o sobie i dzieciach. Zaczepienia i nie jest ryzykowne. Jest podejrzenie, \u017ce jest Przymus robiony pod dyktando koncern\u00f3w farmaceutycznych.<\/p>\n","protected":false},"excerpt":{"rendered":"Ci, kt\u00f3rzy przybyli na spotkanie z Januszem Korwin-Mikke nie mog\u0105 \u017ca\u0142owa\u0107. Lider partii Wolno\u015b\u0107 przyby\u0142 do Ostrowa Wielkopolskiego, by w nKlubie wyg\u0142osi\u0107 komentarz \n<a class=\"moretag\" href=\"https:\/\/ostrowskatv.pl\/?p=7464\"> [...]<\/a>","protected":false},"author":1,"featured_media":7465,"comment_status":"open","ping_status":"closed","sticky":false,"template":"","format":"standard","meta":{"footnotes":""},"categories":[1],"tags":[2],"class_list":["post-7464","post","type-post","status-publish","format-standard","has-post-thumbnail","hentry","category-news","tag-ostrow-wielkopolski"],"_links":{"self":[{"href":"https:\/\/ostrowskatv.pl\/index.php?rest_route=\/wp\/v2\/posts\/7464","targetHints":{"allow":["GET"]}}],"collection":[{"href":"https:\/\/ostrowskatv.pl\/index.php?rest_route=\/wp\/v2\/posts"}],"about":[{"href":"https:\/\/ostrowskatv.pl\/index.php?rest_route=\/wp\/v2\/types\/post"}],"author":[{"embeddable":true,"href":"https:\/\/ostrowskatv.pl\/index.php?rest_route=\/wp\/v2\/users\/1"}],"replies":[{"embeddable":true,"href":"https:\/\/ostrowskatv.pl\/index.php?rest_route=%2Fwp%2Fv2%2Fcomments&post=7464"}],"version-history":[{"count":0,"href":"https:\/\/ostrowskatv.pl\/index.php?rest_route=\/wp\/v2\/posts\/7464\/revisions"}],"wp:featuredmedia":[{"embeddable":true,"href":"https:\/\/ostrowskatv.pl\/index.php?rest_route=\/wp\/v2\/media\/7465"}],"wp:attachment":[{"href":"https:\/\/ostrowskatv.pl\/index.php?rest_route=%2Fwp%2Fv2%2Fmedia&parent=7464"}],"wp:term":[{"taxonomy":"category","embeddable":true,"href":"https:\/\/ostrowskatv.pl\/index.php?rest_route=%2Fwp%2Fv2%2Fcategories&post=7464"},{"taxonomy":"post_tag","embeddable":true,"href":"https:\/\/ostrowskatv.pl\/index.php?rest_route=%2Fwp%2Fv2%2Ftags&post=7464"}],"curies":[{"name":"wp","href":"https:\/\/api.w.org\/{rel}","templated":true}]}}