{"id":7451,"date":"2018-09-28T21:59:16","date_gmt":"2018-09-28T20:59:16","guid":{"rendered":"http:\/\/ostrowska.tv\/?p=7451"},"modified":"2018-09-28T22:05:13","modified_gmt":"2018-09-28T21:05:13","slug":"policja-eskortowala-niemowlaka-z-polknieta-agrafka","status":"publish","type":"post","link":"https:\/\/ostrowskatv.pl\/?p=7451","title":{"rendered":"Policja eskortowa\u0142a niemowlaka z po\u0142kni\u0119t\u0105 agrafk\u0105"},"content":{"rendered":"<p><strong>Ta historia mrozi krew w \u017cy\u0142ach. Matka 6-miesi\u0119cznego ch\u0142opczyka pojecha\u0142a na Szpitalny Oddzia\u0142 Ratunkowy do krotoszy\u0144skiego szpitala. Wcze\u015bniej dziecko po\u0142kn\u0119\u0142o ma\u0142\u0105 agrafk\u0119, a ta utkn\u0119\u0142a w dalszej cz\u0119\u015bci prze\u0142yku. Matka us\u0142ysza\u0142a od lekarki, \u017ce stan dziecka jest dobry i ma jecha\u0107 swoim samochodem do ostrowskiego szpitala. Rodzic niewiele my\u015bl\u0105c tak te\u017c zrobi\u0142.<\/strong><\/p>\n<p>W okolicach wjazdu do Ostrowa, niemowl\u0119 zacz\u0119\u0142o si\u0119 krztusi\u0107. Mama p\u00f3\u0142rocznego ch\u0142opca poprosi\u0142a radiow\u00f3z o pomoc w szybkim dotarciu do szpitala. Funkcjonariusze w\u0142\u0105czyli sygna\u0142y \u015bwietlne i d\u017awi\u0119kowe i pop\u0119dzili w stron\u0119 szpitala. W mi\u0119dzyczasie poinformowano za\u0142og\u0119 o przybyciu ma\u0142ego pacjenta w stanie zagra\u017caj\u0105cym jego \u017cyciu.<\/p>\n<p>Niemowl\u0119 po trafieniu na ostrowski SOR zosta\u0142o prze\u015bwietlono. Stwierdzono, \u017ce przedmiot utkn\u0105\u0142 w okolicy tchawicy. Agrafka najprawdopodobniej by\u0142a otwarta, a ostry koniec by\u0142 skierowany ku g\u00f3rze. Ostrowski szpital nie posiada\u0142 ca\u0142ego zaplecza medycznego do przeprowadzenia arcytrudnego zabiegu. Istnia\u0142o realne ryzyko przedziurawienia tkanek. Podj\u0119to decyzj\u0119 o przewiezieniu pacjenta karetk\u0105 na sygnale do szpitala we Wroc\u0142awiu. Tam laparoskopowo zostanie lub ju\u017c zosta\u0142a podj\u0119ta pr\u00f3ba wyci\u0105gni\u0119cia niebezpiecznego przedmiotu.<\/p>\n<p>Zastanawia decyzja lekarza z krotoszy\u0144skiego SOR-u, kt\u00f3ry nie zadysponowa\u0142 do transportu karetki. Ta sprawa zapewne znajdzie sw\u00f3j ci\u0105g dalszy.<\/p>\n<div id='gallery-1' class='gallery galleryid-7451 gallery-columns-3 gallery-size-thumbnail'><figure class='gallery-item'>\n\t\t\t<div class='gallery-icon landscape'>\n\t\t\t\t<a href='https:\/\/ostrowskatv.pl\/?attachment_id=7452'><img loading=\"lazy\" decoding=\"async\" width=\"150\" height=\"150\" src=\"https:\/\/ostrowskatv.pl\/wp-content\/uploads\/2018\/09\/dziecko_agrafka03-150x150.jpg\" class=\"attachment-thumbnail size-thumbnail\" alt=\"\" \/><\/a>\n\t\t\t<\/div><\/figure><figure class='gallery-item'>\n\t\t\t<div class='gallery-icon landscape'>\n\t\t\t\t<a href='https:\/\/ostrowskatv.pl\/?attachment_id=7454'><img loading=\"lazy\" decoding=\"async\" width=\"150\" height=\"150\" src=\"https:\/\/ostrowskatv.pl\/wp-content\/uploads\/2018\/09\/dziecko_agrafka01-150x150.jpg\" class=\"attachment-thumbnail size-thumbnail\" alt=\"\" \/><\/a>\n\t\t\t<\/div><\/figure><figure class='gallery-item'>\n\t\t\t<div class='gallery-icon landscape'>\n\t\t\t\t<a href='https:\/\/ostrowskatv.pl\/?attachment_id=7453'><img loading=\"lazy\" decoding=\"async\" width=\"150\" height=\"150\" src=\"https:\/\/ostrowskatv.pl\/wp-content\/uploads\/2018\/09\/dziecko_agrafka02-150x150.jpg\" class=\"attachment-thumbnail size-thumbnail\" alt=\"\" \/><\/a>\n\t\t\t<\/div><\/figure>\n\t\t<\/div>\n\n","protected":false},"excerpt":{"rendered":"Ta historia mrozi krew w \u017cy\u0142ach. Matka 6-miesi\u0119cznego ch\u0142opczyka pojecha\u0142a na Szpitalny Oddzia\u0142 Ratunkowy do krotoszy\u0144skiego szpitala. Wcze\u015bniej dziecko po\u0142kn\u0119\u0142o ma\u0142\u0105 agrafk\u0119, a \n<a class=\"moretag\" href=\"https:\/\/ostrowskatv.pl\/?p=7451\"> [...]<\/a>","protected":false},"author":1,"featured_media":7452,"comment_status":"open","ping_status":"closed","sticky":false,"template":"","format":"standard","meta":{"footnotes":""},"categories":[1],"tags":[2],"class_list":["post-7451","post","type-post","status-publish","format-standard","has-post-thumbnail","hentry","category-news","tag-ostrow-wielkopolski"],"_links":{"self":[{"href":"https:\/\/ostrowskatv.pl\/index.php?rest_route=\/wp\/v2\/posts\/7451","targetHints":{"allow":["GET"]}}],"collection":[{"href":"https:\/\/ostrowskatv.pl\/index.php?rest_route=\/wp\/v2\/posts"}],"about":[{"href":"https:\/\/ostrowskatv.pl\/index.php?rest_route=\/wp\/v2\/types\/post"}],"author":[{"embeddable":true,"href":"https:\/\/ostrowskatv.pl\/index.php?rest_route=\/wp\/v2\/users\/1"}],"replies":[{"embeddable":true,"href":"https:\/\/ostrowskatv.pl\/index.php?rest_route=%2Fwp%2Fv2%2Fcomments&post=7451"}],"version-history":[{"count":0,"href":"https:\/\/ostrowskatv.pl\/index.php?rest_route=\/wp\/v2\/posts\/7451\/revisions"}],"wp:featuredmedia":[{"embeddable":true,"href":"https:\/\/ostrowskatv.pl\/index.php?rest_route=\/wp\/v2\/media\/7452"}],"wp:attachment":[{"href":"https:\/\/ostrowskatv.pl\/index.php?rest_route=%2Fwp%2Fv2%2Fmedia&parent=7451"}],"wp:term":[{"taxonomy":"category","embeddable":true,"href":"https:\/\/ostrowskatv.pl\/index.php?rest_route=%2Fwp%2Fv2%2Fcategories&post=7451"},{"taxonomy":"post_tag","embeddable":true,"href":"https:\/\/ostrowskatv.pl\/index.php?rest_route=%2Fwp%2Fv2%2Ftags&post=7451"}],"curies":[{"name":"wp","href":"https:\/\/api.w.org\/{rel}","templated":true}]}}