{"id":7442,"date":"2018-09-28T18:00:03","date_gmt":"2018-09-28T17:00:03","guid":{"rendered":"http:\/\/ostrowska.tv\/?p=7442"},"modified":"2018-09-28T18:00:34","modified_gmt":"2018-09-28T17:00:34","slug":"kogo-popiera-lewica-w-wyborach-prezydenckich","status":"publish","type":"post","link":"https:\/\/ostrowskatv.pl\/?p=7442","title":{"rendered":"Kogo popiera lewica w wyborach prezydenckich?"},"content":{"rendered":"<p><strong>Ostrowska lewica udzieli\u0142a ponownie poparcia Beacie Klimek w wyborach na prezydenta Ostrowa Wielkopolskiego. Dzia\u0142acze zaapelowali do cz\u0142onk\u00f3w SLD oraz sympatyk\u00f3w tej partii o poparcie dla tej kandydatury.<\/strong><\/p>\n<p>Sojusz Lewicy Demokratycznej wystawi\u0142 swoich kandydat\u00f3w do Sejmiku Wojew\u00f3dzkiego. Na 9 os\u00f3b, dwie s\u0105 z naszego miasta. S\u0105 nimi Magdalena Decker startuj\u0105ca z 3. miejsca oraz S\u0142awomir Piskorski z sz\u00f3stki. Trzeci\u0105 osob\u0105 zwi\u0105zan\u0105 zawodowo z Ostrowem jest Miko\u0142aj Kostka b\u0119d\u0105cy na ostatnim miejscu.<\/p>\n<p>Ostrowskie SLD nie wystawi\u0142o kandydat\u00f3w do rady miejskiej i powiatu, ale popiera osoby startuj\u0105ce z komitetu Przyjazne Miasto i Przyjazny Powiat Beaty Klimek. Dzia\u0142acze twierdz\u0105, \u017ce na szczeblu samorz\u0105dowym nieistotny jest szyld partyjny, tylko liczy si\u0119 cz\u0142owiek.<\/p>\n","protected":false},"excerpt":{"rendered":"Ostrowska lewica udzieli\u0142a ponownie poparcia Beacie Klimek w wyborach na prezydenta Ostrowa Wielkopolskiego. Dzia\u0142acze zaapelowali do cz\u0142onk\u00f3w SLD oraz sympatyk\u00f3w tej partii o \n<a class=\"moretag\" href=\"https:\/\/ostrowskatv.pl\/?p=7442\"> [...]<\/a>","protected":false},"author":1,"featured_media":7443,"comment_status":"open","ping_status":"closed","sticky":false,"template":"","format":"standard","meta":{"footnotes":""},"categories":[1],"tags":[2],"class_list":["post-7442","post","type-post","status-publish","format-standard","has-post-thumbnail","hentry","category-news","tag-ostrow-wielkopolski"],"_links":{"self":[{"href":"https:\/\/ostrowskatv.pl\/index.php?rest_route=\/wp\/v2\/posts\/7442","targetHints":{"allow":["GET"]}}],"collection":[{"href":"https:\/\/ostrowskatv.pl\/index.php?rest_route=\/wp\/v2\/posts"}],"about":[{"href":"https:\/\/ostrowskatv.pl\/index.php?rest_route=\/wp\/v2\/types\/post"}],"author":[{"embeddable":true,"href":"https:\/\/ostrowskatv.pl\/index.php?rest_route=\/wp\/v2\/users\/1"}],"replies":[{"embeddable":true,"href":"https:\/\/ostrowskatv.pl\/index.php?rest_route=%2Fwp%2Fv2%2Fcomments&post=7442"}],"version-history":[{"count":0,"href":"https:\/\/ostrowskatv.pl\/index.php?rest_route=\/wp\/v2\/posts\/7442\/revisions"}],"wp:featuredmedia":[{"embeddable":true,"href":"https:\/\/ostrowskatv.pl\/index.php?rest_route=\/wp\/v2\/media\/7443"}],"wp:attachment":[{"href":"https:\/\/ostrowskatv.pl\/index.php?rest_route=%2Fwp%2Fv2%2Fmedia&parent=7442"}],"wp:term":[{"taxonomy":"category","embeddable":true,"href":"https:\/\/ostrowskatv.pl\/index.php?rest_route=%2Fwp%2Fv2%2Fcategories&post=7442"},{"taxonomy":"post_tag","embeddable":true,"href":"https:\/\/ostrowskatv.pl\/index.php?rest_route=%2Fwp%2Fv2%2Ftags&post=7442"}],"curies":[{"name":"wp","href":"https:\/\/api.w.org\/{rel}","templated":true}]}}